{"id":1103,"date":"2021-05-08T21:09:58","date_gmt":"2021-05-08T19:09:58","guid":{"rendered":"https:\/\/cordis-logistics.pl\/?p=1103"},"modified":"2021-06-08T21:13:05","modified_gmt":"2021-06-08T19:13:05","slug":"ogolnopolska-konferencja-naukowa-ekonomiczne-skutki-pandemii-edycja-ii-z-udzialem-cordis-logistic-za-nami","status":"publish","type":"post","link":"https:\/\/cordis-logistics.pl\/cz\/ogolnopolska-konferencja-naukowa-ekonomiczne-skutki-pandemii-edycja-ii-z-udzialem-cordis-logistic-za-nami\/","title":{"rendered":"Celost\u00e1tn\u00ed v\u011bdeck\u00e1 konference \u201eEkonomick\u00e9 dopady pandemie - 2. vyd\u00e1n\u00ed\u201c za \u00fa\u010dasti Cordis Logistic je za n\u00e1mi"},"content":{"rendered":"<p><strong>Pandemie koronaviru zp\u016fsobila drastick\u00e9 zm\u011bny na trhu. N\u011bkter\u00e1 pr\u016fmyslov\u00e1 odv\u011btv\u00ed t\u00e9m\u011b\u0159 \u00fapln\u011b zem\u0159ela kv\u016fli zablokov\u00e1n\u00ed a hygienick\u00fdm omezen\u00edm, zat\u00edmco jin\u00e1 se mus\u00ed vypo\u0159\u00e1dat s vedlej\u0161\u00edmi \u00fa\u010dinky situace po obdob\u00ed COVID-19. Cordis Logistic se aktivn\u011b \u00fa\u010dastn\u00ed diskus\u00ed o ekonomick\u00fdch d\u016fsledc\u00edch sou\u010dasn\u00e9 situace. Proto jsme se z\u00fa\u010dastnili n\u00e1rodn\u00ed v\u011bdeck\u00e9 konference \u201eEkonomick\u00e9 dopady pandemie - 2. vyd\u00e1n\u00ed\u201c.<\/strong><\/p>\n<p><img decoding=\"async\" loading=\"lazy\" class=\"size-medium wp-image-1106 aligncenter\" src=\"https:\/\/cordis-logistics.pl\/wp-content\/uploads\/2021\/05\/ania-300x169.jpg\" alt=\"Konference\" width=\"300\" height=\"169\" srcset=\"https:\/\/cordis-logistics.pl\/wp-content\/uploads\/2021\/05\/ania-300x169.jpg 300w,  https:\/\/cordis-logistics.pl\/wp-content\/uploads\/2021\/05\/ania-16x9.jpg 16w,  https:\/\/cordis-logistics.pl\/wp-content\/uploads\/2021\/05\/ania.jpg 613w\" sizes=\"(max-width: 300px) 100vw, 300px\" \/><\/p>\n<p><strong>Celost\u00e1tn\u00ed v\u011bdeck\u00e1 konference \u201eEkonomick\u00e9 dopady pandemie - 2. vyd\u00e1n\u00ed\u201c - nejd\u016fle\u017eit\u011bj\u0161\u00ed informace<\/strong><\/p>\n<p>Polsk\u00e1 n\u00e1rodn\u00ed v\u011bdeck\u00e1 konference \u201eEkonomick\u00e9 dopady pandemie\u201c se konala 21. dubna 2021 jako druh\u00e1 ud\u00e1lost v tomto cyklu. Prvn\u00ed akce se konala na podzim roku 2020. U\u017e v t\u00e9 dob\u011b byla vyj\u00e1d\u0159ena pot\u0159eba pokra\u010dovat v diskusi - pr\u00e1v\u011b byla provedena.<\/p>\n<p>Organiz\u00e1torem akce, kter\u00e1 se vzhledem k situaci konala online - byla Polsk\u00e1 ekonomick\u00e1 spole\u010dnost a mezi hlavn\u00edmi partnery byli: Katovick\u00e1 zvl\u00e1\u0161tn\u00ed ekonomick\u00e1 z\u00f3na, \u0158\u00e1d Malty v Polsku, PKO TFI, PZU Inwestycje, TiM, KBZ, IM-r.pl, Jurajski Dom Brokerski, Rotary Club Katowice, BetaMed, Huta Pok\u00f3j a Cordis Logistic.<\/p>\n<p>Sou\u010d\u00e1st\u00ed akce bylo dev\u011bt p\u0159edn\u00e1\u0161ek odborn\u00edk\u016f z r\u016fzn\u00fdch podnikatelsk\u00fdch oblast\u00ed. Ka\u017ed\u00fd z nich byl spojen s diskus\u00ed o konkr\u00e9tn\u00edch aspektech popandemick\u00e9 reality.<\/p>\n<p>Dot\u010den\u00e9 projevy:<\/p>\n<ul>\n<li>rozmrazov\u00e1n\u00ed portfoli\u00ed, tj. investice po pandemii,<\/li>\n<li>nov\u00e9 v\u00fdzvy pro investory,<\/li>\n<li>situace ocel\u00e1\u0159sk\u00e9ho pr\u016fmyslu v dob\u011b pandemie,<\/li>\n<li>p\u0159\u00edle\u017eitosti vytvo\u0159en\u00e9 pandemi\u00ed v kontextu p\u0159\u00edstupu k p\u00e9\u010di o podnik\u00e1n\u00ed,<\/li>\n<li>ve\u0159ejn\u00e9 zak\u00e1zky v dob\u011b COVID-19,<\/li>\n<li>hledaj\u00ed d\u016fvody, pro\u010d se n\u011bkter\u00e9 organizace l\u00e9pe vyrovn\u00e1vaj\u00ed v situaci vysok\u00e9 destabilizace trhu,<\/li>\n<li>IT \u0159e\u0161en\u00ed, kter\u00e1 v\u00e1m umo\u017en\u00ed zvl\u00e1dnout v\u00fdzvy vzd\u00e1len\u00e9 pr\u00e1ce,<\/li>\n<li>\u00favahy o ekonomii v teorii a praxi ve v\u011bku pandemie.<\/li>\n<\/ul>\n<p><strong>Jedn\u00edm z \u0159e\u010dn\u00edk\u016f konference byla Anna Bu\u0142kowska - \u0159editelka logick\u00e9ho v\u00fdvoje Cordis<\/strong>. Jej\u00ed projev byl anal\u00fdzou situace rodinn\u00fdch podnik\u016f tv\u00e1\u0159\u00ed v tv\u00e1\u0159 COVID-19 v roce 2020. Prezentace uk\u00e1zala stav v\u011bc\u00ed na z\u00e1klad\u011b zku\u0161enost\u00ed spole\u010dnosti Cordis Logistic s trhem v minul\u00e9m, velmi obt\u00ed\u017en\u00e9m roce, kter\u00fd p\u0159esto dok\u00e1zal p\u0159e\u017e\u00edt s dobr\u00fdm v\u00fdsledkem.<\/p>\n<p>\u00da\u010dast na konferenci byla pro n\u00e1s cennou zku\u0161enost\u00ed a p\u0159\u00edle\u017eitost\u00ed k v\u00fdm\u011bn\u011b n\u00e1zor\u016f na sou\u010dasnou situaci a na to, co se bude d\u00edt ve sv\u011bt\u011b podnik\u00e1n\u00ed v p\u0159\u00ed\u0161t\u00edch m\u011bs\u00edc\u00edch a letech. V\u011b\u0159\u00edme, \u017ee to nen\u00ed posledn\u00ed setk\u00e1n\u00ed, kter\u00e9 umo\u017en\u00ed hloubkovou anal\u00fdzu reality po COVID. Douf\u00e1me, \u017ee se p\u0159\u00ed\u0161t\u00ed konference bude konat ve stacion\u00e1rn\u00edm re\u017eimu.<\/p>","protected":false},"excerpt":{"rendered":"<p>Pandemie koronaviru zp\u016fsobila drastick\u00e9 zm\u011bny na trhu. N\u011bkter\u00e1 pr\u016fmyslov\u00e1 odv\u011btv\u00ed t\u00e9m\u011b\u0159 \u00fapln\u011b zem\u0159ela kv\u016fli zablokov\u00e1n\u00ed a hygienick\u00fdm omezen\u00edm, zat\u00edmco jin\u00e1 se mus\u00ed vypo\u0159\u00e1dat s vedlej\u0161\u00edmi \u00fa\u010dinky situace po obdob\u00ed COVID-19. Cordis Logistic se aktivn\u011b \u00fa\u010dastn\u00ed diskus\u00ed o ekonomick\u00fdch d\u016fsledc\u00edch sou\u010dasn\u00e9 situace. Proto jsme se z\u00fa\u010dastnili n\u00e1rodn\u00ed v\u011bdeck\u00e9 konference \u201eEkonomick\u00e9 dopady pandemie - 2. vyd\u00e1n\u00ed\u201c. N\u00e1rodn\u00ed konference [...]<\/p>","protected":false},"author":2,"featured_media":0,"comment_status":"closed","ping_status":"closed","sticky":false,"template":"","format":"standard","meta":[],"categories":[7],"tags":[],"yoast_head":"<!-- This site is optimized with the Yoast SEO plugin v20.5 - https:\/\/yoast.com\/wordpress\/plugins\/seo\/ -->\n<title>Og\u00f3lnopolska Konferencja Naukowa \u201eEkonomiczne skutki pandemii \u2013 edycja II\u201d z udzia\u0142em Cordis Logistic za nami - Cordis Logistics<\/title>\n<meta name=\"robots\" content=\"index, follow, max-snippet:-1, max-image-preview:large, max-video-preview:-1\" \/>\n<link rel=\"canonical\" href=\"https:\/\/cordis-logistics.pl\/cz\/ogolnopolska-konferencja-naukowa-ekonomiczne-skutki-pandemii-edycja-ii-z-udzialem-cordis-logistic-za-nami\/\" \/>\n<meta property=\"og:locale\" content=\"cs_CZ\" \/>\n<meta property=\"og:type\" content=\"article\" \/>\n<meta property=\"og:title\" content=\"Og\u00f3lnopolska Konferencja Naukowa \u201eEkonomiczne skutki pandemii \u2013 edycja II\u201d z udzia\u0142em Cordis Logistic za nami - Cordis Logistics\" \/>\n<meta property=\"og:description\" content=\"Pandemia koronawirusa wywo\u0142a\u0142a drastyczne zmiany na rynku. Niekt\u00f3re bran\u017ce z uwagi na lockdown i obostrzenia sanitarne niemal zupe\u0142nie zamar\u0142y, inne musz\u0105 radzi\u0107 sobie ze skutkami ubocznymi sytuacji po COVID-19. Cordis Logistic aktywnie uczestniczy w dyskusji o ekonomicznych skutkach obecnej sytuacji. Dlatego wzi\u0119li\u015bmy udzia\u0142 w Og\u00f3lnopolskiej Konferencji Naukowej \u201eEkonomiczne skutki pandemii \u2013 edycja II\u201d. Og\u00f3lnopolska Konferencja [&hellip;]\" \/>\n<meta property=\"og:url\" content=\"https:\/\/cordis-logistics.pl\/cz\/ogolnopolska-konferencja-naukowa-ekonomiczne-skutki-pandemii-edycja-ii-z-udzialem-cordis-logistic-za-nami\/\" \/>\n<meta property=\"og:site_name\" content=\"Cordis Logistics\" \/>\n<meta property=\"article:published_time\" content=\"2021-05-08T19:09:58+00:00\" \/>\n<meta property=\"article:modified_time\" content=\"2021-06-08T19:13:05+00:00\" \/>\n<meta property=\"og:image\" content=\"https:\/\/cordis-logistic.pl\/wp-content\/uploads\/2021\/05\/ania-300x169.jpg\" \/>\n<meta name=\"author\" content=\"Redakcja\" \/>\n<meta name=\"twitter:card\" content=\"summary_large_image\" \/>\n<meta name=\"twitter:label1\" content=\"Napsal(a)\" \/>\n\t<meta name=\"twitter:data1\" content=\"Redakcja\" \/>\n\t<meta name=\"twitter:label2\" content=\"Odhadovan\u00e1 doba \u010dten\u00ed\" \/>\n\t<meta name=\"twitter:data2\" content=\"2 minuty\" \/>\n<script type=\"application\/ld+json\" class=\"yoast-schema-graph\">{\"@context\":\"https:\/\/schema.org\",\"@graph\":[{\"@type\":\"WebPage\",\"@id\":\"https:\/\/cordis-logistics.pl\/ogolnopolska-konferencja-naukowa-ekonomiczne-skutki-pandemii-edycja-ii-z-udzialem-cordis-logistic-za-nami\/\",\"url\":\"https:\/\/cordis-logistics.pl\/ogolnopolska-konferencja-naukowa-ekonomiczne-skutki-pandemii-edycja-ii-z-udzialem-cordis-logistic-za-nami\/\",\"name\":\"Og\u00f3lnopolska Konferencja Naukowa \u201eEkonomiczne skutki pandemii \u2013 edycja II\u201d z udzia\u0142em Cordis Logistic za nami - Cordis Logistics\",\"isPartOf\":{\"@id\":\"https:\/\/cordis-logistics.pl\/#website\"},\"datePublished\":\"2021-05-08T19:09:58+00:00\",\"dateModified\":\"2021-06-08T19:13:05+00:00\",\"author\":{\"@id\":\"https:\/\/cordis-logistics.pl\/#\/schema\/person\/bd50ad6536ffb3b3396e10d0db1393f8\"},\"breadcrumb\":{\"@id\":\"https:\/\/cordis-logistics.pl\/ogolnopolska-konferencja-naukowa-ekonomiczne-skutki-pandemii-edycja-ii-z-udzialem-cordis-logistic-za-nami\/#breadcrumb\"},\"inLanguage\":\"cs\",\"potentialAction\":[{\"@type\":\"ReadAction\",\"target\":[\"https:\/\/cordis-logistics.pl\/ogolnopolska-konferencja-naukowa-ekonomiczne-skutki-pandemii-edycja-ii-z-udzialem-cordis-logistic-za-nami\/\"]}]},{\"@type\":\"BreadcrumbList\",\"@id\":\"https:\/\/cordis-logistics.pl\/ogolnopolska-konferencja-naukowa-ekonomiczne-skutki-pandemii-edycja-ii-z-udzialem-cordis-logistic-za-nami\/#breadcrumb\",\"itemListElement\":[{\"@type\":\"ListItem\",\"position\":1,\"name\":\"Dom\u016f\",\"item\":\"https:\/\/cordis-logistics.pl\/\"},{\"@type\":\"ListItem\",\"position\":2,\"name\":\"Og\u00f3lnopolska Konferencja Naukowa \u201eEkonomiczne skutki pandemii \u2013 edycja II\u201d z udzia\u0142em Cordis Logistic za nami\"}]},{\"@type\":\"WebSite\",\"@id\":\"https:\/\/cordis-logistics.pl\/#website\",\"url\":\"https:\/\/cordis-logistics.pl\/\",\"name\":\"Cordis Logistics\",\"description\":\"Systemowe rozwi\u0105zania dla \u0142a\u0144cucha dostaw\",\"potentialAction\":[{\"@type\":\"SearchAction\",\"target\":{\"@type\":\"EntryPoint\",\"urlTemplate\":\"https:\/\/cordis-logistics.pl\/?s={search_term_string}\"},\"query-input\":\"required name=search_term_string\"}],\"inLanguage\":\"cs\"},{\"@type\":\"Person\",\"@id\":\"https:\/\/cordis-logistics.pl\/#\/schema\/person\/bd50ad6536ffb3b3396e10d0db1393f8\",\"name\":\"Redakcja\",\"description\":\"Ten artyku\u0142 zosta\u0142 napisany przez redakcj\u0119 serwisu \u201cCordis Logistic\u201d.\",\"url\":\"https:\/\/cordis-logistics.pl\/cz\/author\/anna-dobroscordis-logistic-pl\/\"}]}<\/script>\n<!-- \/ Yoast SEO plugin. -->","yoast_head_json":{"title":"Og\u00f3lnopolska Konferencja Naukowa \u201eEkonomiczne skutki pandemii \u2013 edycja II\u201d z udzia\u0142em Cordis Logistic za nami - Cordis Logistics","robots":{"index":"index","follow":"follow","max-snippet":"max-snippet:-1","max-image-preview":"max-image-preview:large","max-video-preview":"max-video-preview:-1"},"canonical":"https:\/\/cordis-logistics.pl\/cz\/ogolnopolska-konferencja-naukowa-ekonomiczne-skutki-pandemii-edycja-ii-z-udzialem-cordis-logistic-za-nami\/","og_locale":"cs_CZ","og_type":"article","og_title":"Og\u00f3lnopolska Konferencja Naukowa \u201eEkonomiczne skutki pandemii \u2013 edycja II\u201d z udzia\u0142em Cordis Logistic za nami - Cordis Logistics","og_description":"Pandemia koronawirusa wywo\u0142a\u0142a drastyczne zmiany na rynku. Niekt\u00f3re bran\u017ce z uwagi na lockdown i obostrzenia sanitarne niemal zupe\u0142nie zamar\u0142y, inne musz\u0105 radzi\u0107 sobie ze skutkami ubocznymi sytuacji po COVID-19. Cordis Logistic aktywnie uczestniczy w dyskusji o ekonomicznych skutkach obecnej sytuacji. Dlatego wzi\u0119li\u015bmy udzia\u0142 w Og\u00f3lnopolskiej Konferencji Naukowej \u201eEkonomiczne skutki pandemii \u2013 edycja II\u201d. Og\u00f3lnopolska Konferencja [&hellip;]","og_url":"https:\/\/cordis-logistics.pl\/cz\/ogolnopolska-konferencja-naukowa-ekonomiczne-skutki-pandemii-edycja-ii-z-udzialem-cordis-logistic-za-nami\/","og_site_name":"Cordis Logistics","article_published_time":"2021-05-08T19:09:58+00:00","article_modified_time":"2021-06-08T19:13:05+00:00","og_image":[{"url":"https:\/\/cordis-logistic.pl\/wp-content\/uploads\/2021\/05\/ania-300x169.jpg"}],"author":"Redakcja","twitter_card":"summary_large_image","twitter_misc":{"Napsal(a)":"Redakcja","Odhadovan\u00e1 doba \u010dten\u00ed":"2 minuty"},"schema":{"@context":"https:\/\/schema.org","@graph":[{"@type":"WebPage","@id":"https:\/\/cordis-logistics.pl\/ogolnopolska-konferencja-naukowa-ekonomiczne-skutki-pandemii-edycja-ii-z-udzialem-cordis-logistic-za-nami\/","url":"https:\/\/cordis-logistics.pl\/ogolnopolska-konferencja-naukowa-ekonomiczne-skutki-pandemii-edycja-ii-z-udzialem-cordis-logistic-za-nami\/","name":"Og\u00f3lnopolska Konferencja Naukowa \u201eEkonomiczne skutki pandemii \u2013 edycja II\u201d z udzia\u0142em Cordis Logistic za nami - Cordis Logistics","isPartOf":{"@id":"https:\/\/cordis-logistics.pl\/#website"},"datePublished":"2021-05-08T19:09:58+00:00","dateModified":"2021-06-08T19:13:05+00:00","author":{"@id":"https:\/\/cordis-logistics.pl\/#\/schema\/person\/bd50ad6536ffb3b3396e10d0db1393f8"},"breadcrumb":{"@id":"https:\/\/cordis-logistics.pl\/ogolnopolska-konferencja-naukowa-ekonomiczne-skutki-pandemii-edycja-ii-z-udzialem-cordis-logistic-za-nami\/#breadcrumb"},"inLanguage":"cs","potentialAction":[{"@type":"ReadAction","target":["https:\/\/cordis-logistics.pl\/ogolnopolska-konferencja-naukowa-ekonomiczne-skutki-pandemii-edycja-ii-z-udzialem-cordis-logistic-za-nami\/"]}]},{"@type":"BreadcrumbList","@id":"https:\/\/cordis-logistics.pl\/ogolnopolska-konferencja-naukowa-ekonomiczne-skutki-pandemii-edycja-ii-z-udzialem-cordis-logistic-za-nami\/#breadcrumb","itemListElement":[{"@type":"ListItem","position":1,"name":"Dom\u016f","item":"https:\/\/cordis-logistics.pl\/"},{"@type":"ListItem","position":2,"name":"Og\u00f3lnopolska Konferencja Naukowa \u201eEkonomiczne skutki pandemii \u2013 edycja II\u201d z udzia\u0142em Cordis Logistic za nami"}]},{"@type":"WebSite","@id":"https:\/\/cordis-logistics.pl\/#website","url":"https:\/\/cordis-logistics.pl\/","name":"Cordis Logistics","description":"Systemowe rozwi\u0105zania dla \u0142a\u0144cucha dostaw","potentialAction":[{"@type":"SearchAction","target":{"@type":"EntryPoint","urlTemplate":"https:\/\/cordis-logistics.pl\/?s={search_term_string}"},"query-input":"required name=search_term_string"}],"inLanguage":"cs"},{"@type":"Person","@id":"https:\/\/cordis-logistics.pl\/#\/schema\/person\/bd50ad6536ffb3b3396e10d0db1393f8","name":"Redakcja","description":"Ten artyku\u0142 zosta\u0142 napisany przez redakcj\u0119 serwisu \u201cCordis Logistic\u201d.","url":"https:\/\/cordis-logistics.pl\/cz\/author\/anna-dobroscordis-logistic-pl\/"}]}},"_links":{"self":[{"href":"https:\/\/cordis-logistics.pl\/cz\/wp-json\/wp\/v2\/posts\/1103"}],"collection":[{"href":"https:\/\/cordis-logistics.pl\/cz\/wp-json\/wp\/v2\/posts"}],"about":[{"href":"https:\/\/cordis-logistics.pl\/cz\/wp-json\/wp\/v2\/types\/post"}],"author":[{"embeddable":true,"href":"https:\/\/cordis-logistics.pl\/cz\/wp-json\/wp\/v2\/users\/2"}],"replies":[{"embeddable":true,"href":"https:\/\/cordis-logistics.pl\/cz\/wp-json\/wp\/v2\/comments?post=1103"}],"version-history":[{"count":2,"href":"https:\/\/cordis-logistics.pl\/cz\/wp-json\/wp\/v2\/posts\/1103\/revisions"}],"predecessor-version":[{"id":1107,"href":"https:\/\/cordis-logistics.pl\/cz\/wp-json\/wp\/v2\/posts\/1103\/revisions\/1107"}],"wp:attachment":[{"href":"https:\/\/cordis-logistics.pl\/cz\/wp-json\/wp\/v2\/media?parent=1103"}],"wp:term":[{"taxonomy":"category","embeddable":true,"href":"https:\/\/cordis-logistics.pl\/cz\/wp-json\/wp\/v2\/categories?post=1103"},{"taxonomy":"post_tag","embeddable":true,"href":"https:\/\/cordis-logistics.pl\/cz\/wp-json\/wp\/v2\/tags?post=1103"}],"curies":[{"name":"wp","href":"https:\/\/api.w.org\/{rel}","templated":true}]}}