{"id":1441,"date":"2022-05-20T12:07:25","date_gmt":"2022-05-20T10:07:25","guid":{"rendered":"https:\/\/cordis-logistics.pl\/?p=1441"},"modified":"2022-05-20T12:08:41","modified_gmt":"2022-05-20T10:08:41","slug":"cordis-logistics-jest-partnerem-glownym-iv-kongresu-agd","status":"publish","type":"post","link":"https:\/\/cordis-logistics.pl\/cz\/cordis-logistics-jest-partnerem-glownym-iv-kongresu-agd\/","title":{"rendered":"Cordis Logistics jest Partnerem G\u0142\u00f3wnym IV. Kongresu AGD"},"content":{"rendered":"<div class=\"kvgmc6g5 cxmmr5t8 oygrvhab hcukyx3x c1et5uql ii04i59q\">\n<div dir=\"auto\">Wsp\u00f3lnie z Partnerami i organizatorami wsp\u00f3\u0142tworzymy warstw\u0119 merytoryczn\u0105 Kongresu.<\/div>\n<\/div>\n<div class=\"cxmmr5t8 oygrvhab hcukyx3x c1et5uql o9v6fnle ii04i59q\">\n<div dir=\"auto\">\n<p>Zapraszamy na organizowany przez Cordis Logistics podczas pierwszego dnia panel &#8211; Logistyka.<br \/>\nOto jego agenda:<\/p>\n<p>&#8211; Prezentacja wprowadzaj\u0105ca: Bart\u0142omiej Dobosz, Prokurent Cordis Logistics<br \/>\n&#8211; Moderator: Damian Ko\u0142ata, Head of Industrial &amp; Logistics.pl \/ e-commerce cee<\/p>\n<p>Uczestnicy:<\/p>\n<p>&#8211; Wirginia Leszczy\u0144ska, Prezes Zarz\u0105du DL Invest Group<br \/>\n&#8211; dr Grzegorz Mazurkiewicz, Spo\u0142eczna Akademia Nauk w \u0141odzi<br \/>\n&#8211; Beata Trochymiak, Redaktor Naczelna pracujwlogistyce.pl<br \/>\nTematyka: wsp\u00f3\u0142czesne wyzwania i nowoczesne rozwi\u0105zania w logistyce w obliczu zmian.<\/p>\n<\/div>\n<div dir=\"auto\"><\/div>\n<div dir=\"auto\"><span class=\"pq6dq46d tbxw36s4 knj5qynh kvgmc6g5 ditlmg2l oygrvhab nvdbi5me sf5mxxl7 gl3lb2sf hhz5lgdu\"><img decoding=\"async\" loading=\"lazy\" src=\"https:\/\/static.xx.fbcdn.net\/images\/emoji.php\/v9\/t72\/1\/16\/1f538.png\" alt=\"?\" width=\"16\" height=\"16\" \/><\/span> Zapraszamy do rejestracji:<\/div>\n<div dir=\"auto\"><a class=\"oajrlxb2 g5ia77u1 qu0x051f esr5mh6w e9989ue4 r7d6kgcz rq0escxv nhd2j8a9 nc684nl6 p7hjln8o kvgmc6g5 cxmmr5t8 oygrvhab hcukyx3x jb3vyjys rz4wbd8a qt6c0cv9 a8nywdso i1ao9s8h esuyzwwr f1sip0of lzcic4wl gpro0wi8 py34i1dx\" tabindex=\"0\" role=\"link\" href=\"https:\/\/bit.ly\/3xYAC5q?fbclid=IwAR1BHTKYjmEUZEo_gJgaa_ZB2AMbZ5oojeBxRrmfunNnegLgIYGoPjjrZJw\" target=\"_blank\" rel=\"nofollow noopener\">https:\/\/bit.ly\/3xYAC5q<\/a><\/div>\n<div dir=\"auto\"><\/div>\n<\/div>\n<div class=\"cxmmr5t8 oygrvhab hcukyx3x c1et5uql o9v6fnle ii04i59q\">\n<div dir=\"auto\">Kongres AGD 26-27 maja<\/div>\n<div dir=\"auto\"><a class=\"oajrlxb2 g5ia77u1 qu0x051f esr5mh6w e9989ue4 r7d6kgcz rq0escxv nhd2j8a9 nc684nl6 p7hjln8o kvgmc6g5 cxmmr5t8 oygrvhab hcukyx3x jb3vyjys rz4wbd8a qt6c0cv9 a8nywdso i1ao9s8h esuyzwwr f1sip0of lzcic4wl gpro0wi8 q66pz984 b1v8xokw\" tabindex=\"0\" role=\"link\" href=\"https:\/\/www.facebook.com\/APPLiAEurope\/?__cft__[0]=AZUYQ5C2A6wD80uAFKN12Kl2slhpp9r2tRpkiVbyhAFF7hplbtofxG3hDfLFgmgLa_73b0VJXNo_EdWp4YB1UXHeLMUU_8586GFVRFrJpSa1uHTRlF-DGRPcZcqO95Pz9OteMIyntm7xDNn8KcClP_foktmMy5JDDS8sR1euszQCZt8iVvcJliaRBrqaOM0SLnY&amp;__tn__=kK-R\"><span class=\"nc684nl6\">APPLiA<\/span><\/a><\/div>\n<div dir=\"auto\"><a class=\"oajrlxb2 g5ia77u1 qu0x051f esr5mh6w e9989ue4 r7d6kgcz rq0escxv nhd2j8a9 nc684nl6 p7hjln8o kvgmc6g5 cxmmr5t8 oygrvhab hcukyx3x jb3vyjys rz4wbd8a qt6c0cv9 a8nywdso i1ao9s8h esuyzwwr f1sip0of lzcic4wl gpro0wi8 q66pz984 b1v8xokw\" tabindex=\"0\" role=\"link\" href=\"https:\/\/www.facebook.com\/LodzkaSSE?__cft__[0]=AZUYQ5C2A6wD80uAFKN12Kl2slhpp9r2tRpkiVbyhAFF7hplbtofxG3hDfLFgmgLa_73b0VJXNo_EdWp4YB1UXHeLMUU_8586GFVRFrJpSa1uHTRlF-DGRPcZcqO95Pz9OteMIyntm7xDNn8KcClP_foktmMy5JDDS8sR1euszQCZt8iVvcJliaRBrqaOM0SLnY&amp;__tn__=-]K-R\"><span class=\"nc684nl6\">\u0141\u00f3dzka Specjalna Strefa Ekonomiczna<\/span><\/a><\/div>\n<div dir=\"auto\">FABRYKA GROHMANA<\/div>\n<div dir=\"auto\">ul. Ks. Bp. W. Tymienieckiego 22G, 90-349 \u0141\u00f3d\u017a<\/div>\n<\/div>","protected":false},"excerpt":{"rendered":"<p>Wsp\u00f3lnie z Partnerami i organizatorami wsp\u00f3\u0142tworzymy warstw\u0119 merytoryczn\u0105 Kongresu. Zapraszamy na organizowany przez Cordis Logistics podczas pierwszego dnia panel &#8211; Logistyka. Oto jego agenda: &#8211; Prezentacja wprowadzaj\u0105ca: Bart\u0142omiej Dobosz, Prokurent Cordis Logistics &#8211; Moderator: Damian Ko\u0142ata, Head of Industrial &amp; Logistics.pl \/ e-commerce cee Uczestnicy: &#8211; Wirginia Leszczy\u0144ska, Prezes Zarz\u0105du DL Invest Group &#8211; dr [&hellip;]<\/p>","protected":false},"author":3,"featured_media":1438,"comment_status":"closed","ping_status":"closed","sticky":false,"template":"","format":"standard","meta":[],"categories":[7],"tags":[],"yoast_head":"<!-- This site is optimized with the Yoast SEO plugin v20.5 - https:\/\/yoast.com\/wordpress\/plugins\/seo\/ -->\n<title>Cordis Logistics jest Partnerem G\u0142\u00f3wnym IV. Kongresu AGD - Cordis Logistics<\/title>\n<meta name=\"robots\" content=\"index, follow, max-snippet:-1, max-image-preview:large, max-video-preview:-1\" \/>\n<link rel=\"canonical\" href=\"https:\/\/cordis-logistics.pl\/cz\/cordis-logistics-jest-partnerem-glownym-iv-kongresu-agd\/\" \/>\n<meta property=\"og:locale\" content=\"cs_CZ\" \/>\n<meta property=\"og:type\" content=\"article\" \/>\n<meta property=\"og:title\" content=\"Cordis Logistics jest Partnerem G\u0142\u00f3wnym IV. Kongresu AGD - Cordis Logistics\" \/>\n<meta property=\"og:description\" content=\"Wsp\u00f3lnie z Partnerami i organizatorami wsp\u00f3\u0142tworzymy warstw\u0119 merytoryczn\u0105 Kongresu. Zapraszamy na organizowany przez Cordis Logistics podczas pierwszego dnia panel &#8211; Logistyka. Oto jego agenda: &#8211; Prezentacja wprowadzaj\u0105ca: Bart\u0142omiej Dobosz, Prokurent Cordis Logistics &#8211; Moderator: Damian Ko\u0142ata, Head of Industrial &amp; Logistics.pl \/ e-commerce cee Uczestnicy: &#8211; Wirginia Leszczy\u0144ska, Prezes Zarz\u0105du DL Invest Group &#8211; dr [&hellip;]\" \/>\n<meta property=\"og:url\" content=\"https:\/\/cordis-logistics.pl\/cz\/cordis-logistics-jest-partnerem-glownym-iv-kongresu-agd\/\" \/>\n<meta property=\"og:site_name\" content=\"Cordis Logistics\" \/>\n<meta property=\"article:published_time\" content=\"2022-05-20T10:07:25+00:00\" \/>\n<meta property=\"article:modified_time\" content=\"2022-05-20T10:08:41+00:00\" \/>\n<meta property=\"og:image\" content=\"https:\/\/cordis-logistics.pl\/wp-content\/uploads\/2022\/05\/278583313_3290276424543027_7333245328783869455_n.jpg\" \/>\n\t<meta property=\"og:image:width\" content=\"1875\" \/>\n\t<meta property=\"og:image:height\" content=\"1407\" \/>\n\t<meta property=\"og:image:type\" content=\"image\/jpeg\" \/>\n<meta name=\"author\" content=\"Cordis Admin\" \/>\n<meta name=\"twitter:card\" content=\"summary_large_image\" \/>\n<meta name=\"twitter:label1\" content=\"Napsal(a)\" \/>\n\t<meta name=\"twitter:data1\" content=\"Cordis Admin\" \/>\n\t<meta name=\"twitter:label2\" content=\"Odhadovan\u00e1 doba \u010dten\u00ed\" \/>\n\t<meta name=\"twitter:data2\" content=\"1 minuta\" \/>\n<script type=\"application\/ld+json\" class=\"yoast-schema-graph\">{\"@context\":\"https:\/\/schema.org\",\"@graph\":[{\"@type\":\"WebPage\",\"@id\":\"https:\/\/cordis-logistics.pl\/cordis-logistics-jest-partnerem-glownym-iv-kongresu-agd\/\",\"url\":\"https:\/\/cordis-logistics.pl\/cordis-logistics-jest-partnerem-glownym-iv-kongresu-agd\/\",\"name\":\"Cordis Logistics jest Partnerem G\u0142\u00f3wnym IV. Kongresu AGD - Cordis Logistics\",\"isPartOf\":{\"@id\":\"https:\/\/cordis-logistics.pl\/#website\"},\"datePublished\":\"2022-05-20T10:07:25+00:00\",\"dateModified\":\"2022-05-20T10:08:41+00:00\",\"author\":{\"@id\":\"https:\/\/cordis-logistics.pl\/#\/schema\/person\/c39da4d11811ea5a2379715f57366ed4\"},\"breadcrumb\":{\"@id\":\"https:\/\/cordis-logistics.pl\/cordis-logistics-jest-partnerem-glownym-iv-kongresu-agd\/#breadcrumb\"},\"inLanguage\":\"cs\",\"potentialAction\":[{\"@type\":\"ReadAction\",\"target\":[\"https:\/\/cordis-logistics.pl\/cordis-logistics-jest-partnerem-glownym-iv-kongresu-agd\/\"]}]},{\"@type\":\"BreadcrumbList\",\"@id\":\"https:\/\/cordis-logistics.pl\/cordis-logistics-jest-partnerem-glownym-iv-kongresu-agd\/#breadcrumb\",\"itemListElement\":[{\"@type\":\"ListItem\",\"position\":1,\"name\":\"Dom\u016f\",\"item\":\"https:\/\/cordis-logistics.pl\/\"},{\"@type\":\"ListItem\",\"position\":2,\"name\":\"Cordis Logistics jest Partnerem G\u0142\u00f3wnym IV. Kongresu AGD\"}]},{\"@type\":\"WebSite\",\"@id\":\"https:\/\/cordis-logistics.pl\/#website\",\"url\":\"https:\/\/cordis-logistics.pl\/\",\"name\":\"Cordis Logistics\",\"description\":\"Systemowe rozwi\u0105zania dla \u0142a\u0144cucha dostaw\",\"potentialAction\":[{\"@type\":\"SearchAction\",\"target\":{\"@type\":\"EntryPoint\",\"urlTemplate\":\"https:\/\/cordis-logistics.pl\/?s={search_term_string}\"},\"query-input\":\"required name=search_term_string\"}],\"inLanguage\":\"cs\"},{\"@type\":\"Person\",\"@id\":\"https:\/\/cordis-logistics.pl\/#\/schema\/person\/c39da4d11811ea5a2379715f57366ed4\",\"name\":\"Cordis Admin\",\"sameAs\":[\"https:\/\/cordis-logistics.pl\"],\"url\":\"https:\/\/cordis-logistics.pl\/cz\/author\/anna-bulkowska\/\"}]}<\/script>\n<!-- \/ Yoast SEO plugin. -->","yoast_head_json":{"title":"Cordis Logistics jest Partnerem G\u0142\u00f3wnym IV. Kongresu AGD - Cordis Logistics","robots":{"index":"index","follow":"follow","max-snippet":"max-snippet:-1","max-image-preview":"max-image-preview:large","max-video-preview":"max-video-preview:-1"},"canonical":"https:\/\/cordis-logistics.pl\/cz\/cordis-logistics-jest-partnerem-glownym-iv-kongresu-agd\/","og_locale":"cs_CZ","og_type":"article","og_title":"Cordis Logistics jest Partnerem G\u0142\u00f3wnym IV. Kongresu AGD - Cordis Logistics","og_description":"Wsp\u00f3lnie z Partnerami i organizatorami wsp\u00f3\u0142tworzymy warstw\u0119 merytoryczn\u0105 Kongresu. Zapraszamy na organizowany przez Cordis Logistics podczas pierwszego dnia panel &#8211; Logistyka. Oto jego agenda: &#8211; Prezentacja wprowadzaj\u0105ca: Bart\u0142omiej Dobosz, Prokurent Cordis Logistics &#8211; Moderator: Damian Ko\u0142ata, Head of Industrial &amp; Logistics.pl \/ e-commerce cee Uczestnicy: &#8211; Wirginia Leszczy\u0144ska, Prezes Zarz\u0105du DL Invest Group &#8211; dr [&hellip;]","og_url":"https:\/\/cordis-logistics.pl\/cz\/cordis-logistics-jest-partnerem-glownym-iv-kongresu-agd\/","og_site_name":"Cordis Logistics","article_published_time":"2022-05-20T10:07:25+00:00","article_modified_time":"2022-05-20T10:08:41+00:00","og_image":[{"width":1875,"height":1407,"url":"https:\/\/cordis-logistics.pl\/wp-content\/uploads\/2022\/05\/278583313_3290276424543027_7333245328783869455_n.jpg","type":"image\/jpeg"}],"author":"Cordis Admin","twitter_card":"summary_large_image","twitter_misc":{"Napsal(a)":"Cordis Admin","Odhadovan\u00e1 doba \u010dten\u00ed":"1 minuta"},"schema":{"@context":"https:\/\/schema.org","@graph":[{"@type":"WebPage","@id":"https:\/\/cordis-logistics.pl\/cordis-logistics-jest-partnerem-glownym-iv-kongresu-agd\/","url":"https:\/\/cordis-logistics.pl\/cordis-logistics-jest-partnerem-glownym-iv-kongresu-agd\/","name":"Cordis Logistics jest Partnerem G\u0142\u00f3wnym IV. Kongresu AGD - Cordis Logistics","isPartOf":{"@id":"https:\/\/cordis-logistics.pl\/#website"},"datePublished":"2022-05-20T10:07:25+00:00","dateModified":"2022-05-20T10:08:41+00:00","author":{"@id":"https:\/\/cordis-logistics.pl\/#\/schema\/person\/c39da4d11811ea5a2379715f57366ed4"},"breadcrumb":{"@id":"https:\/\/cordis-logistics.pl\/cordis-logistics-jest-partnerem-glownym-iv-kongresu-agd\/#breadcrumb"},"inLanguage":"cs","potentialAction":[{"@type":"ReadAction","target":["https:\/\/cordis-logistics.pl\/cordis-logistics-jest-partnerem-glownym-iv-kongresu-agd\/"]}]},{"@type":"BreadcrumbList","@id":"https:\/\/cordis-logistics.pl\/cordis-logistics-jest-partnerem-glownym-iv-kongresu-agd\/#breadcrumb","itemListElement":[{"@type":"ListItem","position":1,"name":"Dom\u016f","item":"https:\/\/cordis-logistics.pl\/"},{"@type":"ListItem","position":2,"name":"Cordis Logistics jest Partnerem G\u0142\u00f3wnym IV. Kongresu AGD"}]},{"@type":"WebSite","@id":"https:\/\/cordis-logistics.pl\/#website","url":"https:\/\/cordis-logistics.pl\/","name":"Cordis Logistics","description":"Systemowe rozwi\u0105zania dla \u0142a\u0144cucha dostaw","potentialAction":[{"@type":"SearchAction","target":{"@type":"EntryPoint","urlTemplate":"https:\/\/cordis-logistics.pl\/?s={search_term_string}"},"query-input":"required name=search_term_string"}],"inLanguage":"cs"},{"@type":"Person","@id":"https:\/\/cordis-logistics.pl\/#\/schema\/person\/c39da4d11811ea5a2379715f57366ed4","name":"Cordis Admin","sameAs":["https:\/\/cordis-logistics.pl"],"url":"https:\/\/cordis-logistics.pl\/cz\/author\/anna-bulkowska\/"}]}},"_links":{"self":[{"href":"https:\/\/cordis-logistics.pl\/cz\/wp-json\/wp\/v2\/posts\/1441"}],"collection":[{"href":"https:\/\/cordis-logistics.pl\/cz\/wp-json\/wp\/v2\/posts"}],"about":[{"href":"https:\/\/cordis-logistics.pl\/cz\/wp-json\/wp\/v2\/types\/post"}],"author":[{"embeddable":true,"href":"https:\/\/cordis-logistics.pl\/cz\/wp-json\/wp\/v2\/users\/3"}],"replies":[{"embeddable":true,"href":"https:\/\/cordis-logistics.pl\/cz\/wp-json\/wp\/v2\/comments?post=1441"}],"version-history":[{"count":2,"href":"https:\/\/cordis-logistics.pl\/cz\/wp-json\/wp\/v2\/posts\/1441\/revisions"}],"predecessor-version":[{"id":1443,"href":"https:\/\/cordis-logistics.pl\/cz\/wp-json\/wp\/v2\/posts\/1441\/revisions\/1443"}],"wp:featuredmedia":[{"embeddable":true,"href":"https:\/\/cordis-logistics.pl\/cz\/wp-json\/wp\/v2\/media\/1438"}],"wp:attachment":[{"href":"https:\/\/cordis-logistics.pl\/cz\/wp-json\/wp\/v2\/media?parent=1441"}],"wp:term":[{"taxonomy":"category","embeddable":true,"href":"https:\/\/cordis-logistics.pl\/cz\/wp-json\/wp\/v2\/categories?post=1441"},{"taxonomy":"post_tag","embeddable":true,"href":"https:\/\/cordis-logistics.pl\/cz\/wp-json\/wp\/v2\/tags?post=1441"}],"curies":[{"name":"wp","href":"https:\/\/api.w.org\/{rel}","templated":true}]}}