{"id":1756,"date":"2023-05-09T06:48:42","date_gmt":"2023-05-09T04:48:42","guid":{"rendered":"https:\/\/cordis-logistics.pl\/?p=1756"},"modified":"2023-05-09T06:48:42","modified_gmt":"2023-05-09T04:48:42","slug":"cordis-logistics-partnerem-glownym-v-kongresu-agd-2023","status":"publish","type":"post","link":"https:\/\/cordis-logistics.pl\/cz\/cordis-logistics-partnerem-glownym-v-kongresu-agd-2023\/","title":{"rendered":"Cordis Logistics Partnerem G\u0142\u00f3wnym V Kongresu AGD 2023"},"content":{"rendered":"<p><strong>Mamy ogromn\u0105 przyjemno\u015b\u0107 og\u0142osi\u0107, \u017ce jeste\u015bmy Partnerem G\u0142\u00f3wnym V Kongresu AGD<\/strong><\/p>\n<p>Ju\u017c dzi\u015b warto zapisa\u0107 t\u0119 dat\u0119 w kalendarzu:<\/p>\n<p>25-26 maja<br \/>\nNajwi\u0119kszy CEO Summit w bran\u017cy<br \/>\nFabryka Grohmana przy ul. Ks. Biskupa Wincentego Tymienieckiego 22G, \u0141\u00f3dzka Specjalna Strefa Ekonomiczna<\/p>\n<p><a href=\"https:\/\/l.facebook.com\/l.php?u=https%3A%2F%2Fwww.kongresagd.pl%2Frejestracja%2F%3Ffbclid%3DIwAR0V09wL7iUyNiidTsd5MXRsZ-zdhNr9hkurxBsmRduwXE4LQ8HSGW4vx9s&amp;h=AT3k5pdtBlWNeHtBzu32Cd-y25Q940RQWVnGLEVfPaWBkU3TTMeJK5iuy1xxvrC4u5PELBKR1a90EK5OWN2sqKhNYySne_eUdsUj5qSUMNjBzhXvcW6BhpW96jLQnlI1ldHv&amp;__tn__=-UK-R&amp;c[0]=AT0C11MnK5oDc8xhzHMVbg9fA8f3qqMRdMUmFijp0FxZFEXl0lWWfALHnDeEn-LGJdHYDHll9tSxHdMmA9T38pjNtL7XjH4R9J4XAdR3XPF3JJJiOZEZM8GU9J3p7MOxjIlEWsJ580JgjesLjc_A-s9Lw0X0kYoRaoIoe4qpGJeulfS4ehMtFMPgQRZKMurJiR0bAqardumn\">Link do rejestracji\u00a0<\/a><\/p>\n<p>Kongres AGD to forum wymiany my\u015bli oraz dyskusja na istotne tematy dla bran\u017cy w\u015br\u00f3d najwa\u017cniejszych przedstawicieli i ekspert\u00f3w sektora, a tak\u017ce reprezentant\u00f3w rz\u0105du i samorz\u0105d\u00f3w.<\/p>\n<p>Drugi dzie\u0144 Kongresu AGD to Business Mixer AGD, czyli spotkanie producent\u00f3w z poddostawcami oraz us\u0142ugodawcami m.in. startupami oferuj\u0105cymi innowacyjne rozwi\u0105zania dla bran\u017cy AGD.<\/p>\n<p>Polska &#8211; z produkcj\u0105 22 mln urz\u0105dze\u0144 du\u017cego i ma\u0142ego AGD &#8211; jest nr 1 w UE w tym sektorze.<\/p>\n<p>Foto: \u0141SSE<\/p>","protected":false},"excerpt":{"rendered":"<p>Mamy ogromn\u0105 przyjemno\u015b\u0107 og\u0142osi\u0107, \u017ce jeste\u015bmy Partnerem G\u0142\u00f3wnym V Kongresu AGD Ju\u017c dzi\u015b warto zapisa\u0107 t\u0119 dat\u0119 w kalendarzu: 25-26 maja Najwi\u0119kszy CEO Summit w bran\u017cy Fabryka Grohmana przy ul. Ks. Biskupa Wincentego Tymienieckiego 22G, \u0141\u00f3dzka Specjalna Strefa Ekonomiczna Link do rejestracji\u00a0 Kongres AGD to forum wymiany my\u015bli oraz dyskusja na istotne tematy dla bran\u017cy [&hellip;]<\/p>","protected":false},"author":1,"featured_media":1757,"comment_status":"closed","ping_status":"closed","sticky":false,"template":"","format":"standard","meta":[],"categories":[7],"tags":[],"yoast_head":"<!-- This site is optimized with the Yoast SEO plugin v20.5 - https:\/\/yoast.com\/wordpress\/plugins\/seo\/ -->\n<title>Cordis Logistics Partnerem G\u0142\u00f3wnym V Kongresu AGD 2023 - Cordis Logistics<\/title>\n<meta name=\"robots\" content=\"index, follow, max-snippet:-1, max-image-preview:large, max-video-preview:-1\" \/>\n<link rel=\"canonical\" href=\"https:\/\/cordis-logistics.pl\/cz\/cordis-logistics-partnerem-glownym-v-kongresu-agd-2023\/\" \/>\n<meta property=\"og:locale\" content=\"cs_CZ\" \/>\n<meta property=\"og:type\" content=\"article\" \/>\n<meta property=\"og:title\" content=\"Cordis Logistics Partnerem G\u0142\u00f3wnym V Kongresu AGD 2023 - Cordis Logistics\" \/>\n<meta property=\"og:description\" content=\"Mamy ogromn\u0105 przyjemno\u015b\u0107 og\u0142osi\u0107, \u017ce jeste\u015bmy Partnerem G\u0142\u00f3wnym V Kongresu AGD Ju\u017c dzi\u015b warto zapisa\u0107 t\u0119 dat\u0119 w kalendarzu: 25-26 maja Najwi\u0119kszy CEO Summit w bran\u017cy Fabryka Grohmana przy ul. Ks. Biskupa Wincentego Tymienieckiego 22G, \u0141\u00f3dzka Specjalna Strefa Ekonomiczna Link do rejestracji\u00a0 Kongres AGD to forum wymiany my\u015bli oraz dyskusja na istotne tematy dla bran\u017cy [&hellip;]\" \/>\n<meta property=\"og:url\" content=\"https:\/\/cordis-logistics.pl\/cz\/cordis-logistics-partnerem-glownym-v-kongresu-agd-2023\/\" \/>\n<meta property=\"og:site_name\" content=\"Cordis Logistics\" \/>\n<meta property=\"article:published_time\" content=\"2023-05-09T04:48:42+00:00\" \/>\n<meta property=\"og:image\" content=\"https:\/\/cordis-logistics.pl\/wp-content\/uploads\/2023\/05\/336537719_1281817132419477_3885647215904539758_n.jpg\" \/>\n\t<meta property=\"og:image:width\" content=\"1920\" \/>\n\t<meta property=\"og:image:height\" content=\"1282\" \/>\n\t<meta property=\"og:image:type\" content=\"image\/jpeg\" \/>\n<meta name=\"author\" content=\"cordisAdmin\" \/>\n<meta name=\"twitter:card\" content=\"summary_large_image\" \/>\n<meta name=\"twitter:label1\" content=\"Napsal(a)\" \/>\n\t<meta name=\"twitter:data1\" content=\"cordisAdmin\" \/>\n\t<meta name=\"twitter:label2\" content=\"Odhadovan\u00e1 doba \u010dten\u00ed\" \/>\n\t<meta name=\"twitter:data2\" content=\"1 minuta\" \/>\n<script type=\"application\/ld+json\" class=\"yoast-schema-graph\">{\"@context\":\"https:\/\/schema.org\",\"@graph\":[{\"@type\":\"WebPage\",\"@id\":\"https:\/\/cordis-logistics.pl\/cordis-logistics-partnerem-glownym-v-kongresu-agd-2023\/\",\"url\":\"https:\/\/cordis-logistics.pl\/cordis-logistics-partnerem-glownym-v-kongresu-agd-2023\/\",\"name\":\"Cordis Logistics Partnerem G\u0142\u00f3wnym V Kongresu AGD 2023 - Cordis Logistics\",\"isPartOf\":{\"@id\":\"https:\/\/cordis-logistics.pl\/#website\"},\"datePublished\":\"2023-05-09T04:48:42+00:00\",\"dateModified\":\"2023-05-09T04:48:42+00:00\",\"author\":{\"@id\":\"https:\/\/cordis-logistics.pl\/#\/schema\/person\/dfd429b93c6365f1880048f5c6b9c777\"},\"breadcrumb\":{\"@id\":\"https:\/\/cordis-logistics.pl\/cordis-logistics-partnerem-glownym-v-kongresu-agd-2023\/#breadcrumb\"},\"inLanguage\":\"cs\",\"potentialAction\":[{\"@type\":\"ReadAction\",\"target\":[\"https:\/\/cordis-logistics.pl\/cordis-logistics-partnerem-glownym-v-kongresu-agd-2023\/\"]}]},{\"@type\":\"BreadcrumbList\",\"@id\":\"https:\/\/cordis-logistics.pl\/cordis-logistics-partnerem-glownym-v-kongresu-agd-2023\/#breadcrumb\",\"itemListElement\":[{\"@type\":\"ListItem\",\"position\":1,\"name\":\"Dom\u016f\",\"item\":\"https:\/\/cordis-logistics.pl\/\"},{\"@type\":\"ListItem\",\"position\":2,\"name\":\"Cordis Logistics Partnerem G\u0142\u00f3wnym V Kongresu AGD 2023\"}]},{\"@type\":\"WebSite\",\"@id\":\"https:\/\/cordis-logistics.pl\/#website\",\"url\":\"https:\/\/cordis-logistics.pl\/\",\"name\":\"Cordis Logistics\",\"description\":\"Systemowe rozwi\u0105zania dla \u0142a\u0144cucha dostaw\",\"potentialAction\":[{\"@type\":\"SearchAction\",\"target\":{\"@type\":\"EntryPoint\",\"urlTemplate\":\"https:\/\/cordis-logistics.pl\/?s={search_term_string}\"},\"query-input\":\"required name=search_term_string\"}],\"inLanguage\":\"cs\"},{\"@type\":\"Person\",\"@id\":\"https:\/\/cordis-logistics.pl\/#\/schema\/person\/dfd429b93c6365f1880048f5c6b9c777\",\"name\":\"cordisAdmin\",\"url\":\"https:\/\/cordis-logistics.pl\/cz\/author\/cordisadmin\/\"}]}<\/script>\n<!-- \/ Yoast SEO plugin. -->","yoast_head_json":{"title":"Cordis Logistics Partnerem G\u0142\u00f3wnym V Kongresu AGD 2023 - Cordis Logistics","robots":{"index":"index","follow":"follow","max-snippet":"max-snippet:-1","max-image-preview":"max-image-preview:large","max-video-preview":"max-video-preview:-1"},"canonical":"https:\/\/cordis-logistics.pl\/cz\/cordis-logistics-partnerem-glownym-v-kongresu-agd-2023\/","og_locale":"cs_CZ","og_type":"article","og_title":"Cordis Logistics Partnerem G\u0142\u00f3wnym V Kongresu AGD 2023 - Cordis Logistics","og_description":"Mamy ogromn\u0105 przyjemno\u015b\u0107 og\u0142osi\u0107, \u017ce jeste\u015bmy Partnerem G\u0142\u00f3wnym V Kongresu AGD Ju\u017c dzi\u015b warto zapisa\u0107 t\u0119 dat\u0119 w kalendarzu: 25-26 maja Najwi\u0119kszy CEO Summit w bran\u017cy Fabryka Grohmana przy ul. Ks. Biskupa Wincentego Tymienieckiego 22G, \u0141\u00f3dzka Specjalna Strefa Ekonomiczna Link do rejestracji\u00a0 Kongres AGD to forum wymiany my\u015bli oraz dyskusja na istotne tematy dla bran\u017cy [&hellip;]","og_url":"https:\/\/cordis-logistics.pl\/cz\/cordis-logistics-partnerem-glownym-v-kongresu-agd-2023\/","og_site_name":"Cordis Logistics","article_published_time":"2023-05-09T04:48:42+00:00","og_image":[{"width":1920,"height":1282,"url":"https:\/\/cordis-logistics.pl\/wp-content\/uploads\/2023\/05\/336537719_1281817132419477_3885647215904539758_n.jpg","type":"image\/jpeg"}],"author":"cordisAdmin","twitter_card":"summary_large_image","twitter_misc":{"Napsal(a)":"cordisAdmin","Odhadovan\u00e1 doba \u010dten\u00ed":"1 minuta"},"schema":{"@context":"https:\/\/schema.org","@graph":[{"@type":"WebPage","@id":"https:\/\/cordis-logistics.pl\/cordis-logistics-partnerem-glownym-v-kongresu-agd-2023\/","url":"https:\/\/cordis-logistics.pl\/cordis-logistics-partnerem-glownym-v-kongresu-agd-2023\/","name":"Cordis Logistics Partnerem G\u0142\u00f3wnym V Kongresu AGD 2023 - Cordis Logistics","isPartOf":{"@id":"https:\/\/cordis-logistics.pl\/#website"},"datePublished":"2023-05-09T04:48:42+00:00","dateModified":"2023-05-09T04:48:42+00:00","author":{"@id":"https:\/\/cordis-logistics.pl\/#\/schema\/person\/dfd429b93c6365f1880048f5c6b9c777"},"breadcrumb":{"@id":"https:\/\/cordis-logistics.pl\/cordis-logistics-partnerem-glownym-v-kongresu-agd-2023\/#breadcrumb"},"inLanguage":"cs","potentialAction":[{"@type":"ReadAction","target":["https:\/\/cordis-logistics.pl\/cordis-logistics-partnerem-glownym-v-kongresu-agd-2023\/"]}]},{"@type":"BreadcrumbList","@id":"https:\/\/cordis-logistics.pl\/cordis-logistics-partnerem-glownym-v-kongresu-agd-2023\/#breadcrumb","itemListElement":[{"@type":"ListItem","position":1,"name":"Dom\u016f","item":"https:\/\/cordis-logistics.pl\/"},{"@type":"ListItem","position":2,"name":"Cordis Logistics Partnerem G\u0142\u00f3wnym V Kongresu AGD 2023"}]},{"@type":"WebSite","@id":"https:\/\/cordis-logistics.pl\/#website","url":"https:\/\/cordis-logistics.pl\/","name":"Cordis Logistics","description":"Systemowe rozwi\u0105zania dla \u0142a\u0144cucha dostaw","potentialAction":[{"@type":"SearchAction","target":{"@type":"EntryPoint","urlTemplate":"https:\/\/cordis-logistics.pl\/?s={search_term_string}"},"query-input":"required name=search_term_string"}],"inLanguage":"cs"},{"@type":"Person","@id":"https:\/\/cordis-logistics.pl\/#\/schema\/person\/dfd429b93c6365f1880048f5c6b9c777","name":"cordisAdmin","url":"https:\/\/cordis-logistics.pl\/cz\/author\/cordisadmin\/"}]}},"_links":{"self":[{"href":"https:\/\/cordis-logistics.pl\/cz\/wp-json\/wp\/v2\/posts\/1756"}],"collection":[{"href":"https:\/\/cordis-logistics.pl\/cz\/wp-json\/wp\/v2\/posts"}],"about":[{"href":"https:\/\/cordis-logistics.pl\/cz\/wp-json\/wp\/v2\/types\/post"}],"author":[{"embeddable":true,"href":"https:\/\/cordis-logistics.pl\/cz\/wp-json\/wp\/v2\/users\/1"}],"replies":[{"embeddable":true,"href":"https:\/\/cordis-logistics.pl\/cz\/wp-json\/wp\/v2\/comments?post=1756"}],"version-history":[{"count":1,"href":"https:\/\/cordis-logistics.pl\/cz\/wp-json\/wp\/v2\/posts\/1756\/revisions"}],"predecessor-version":[{"id":1758,"href":"https:\/\/cordis-logistics.pl\/cz\/wp-json\/wp\/v2\/posts\/1756\/revisions\/1758"}],"wp:featuredmedia":[{"embeddable":true,"href":"https:\/\/cordis-logistics.pl\/cz\/wp-json\/wp\/v2\/media\/1757"}],"wp:attachment":[{"href":"https:\/\/cordis-logistics.pl\/cz\/wp-json\/wp\/v2\/media?parent=1756"}],"wp:term":[{"taxonomy":"category","embeddable":true,"href":"https:\/\/cordis-logistics.pl\/cz\/wp-json\/wp\/v2\/categories?post=1756"},{"taxonomy":"post_tag","embeddable":true,"href":"https:\/\/cordis-logistics.pl\/cz\/wp-json\/wp\/v2\/tags?post=1756"}],"curies":[{"name":"wp","href":"https:\/\/api.w.org\/{rel}","templated":true}]}}