{"id":1103,"date":"2021-05-08T21:09:58","date_gmt":"2021-05-08T19:09:58","guid":{"rendered":"https:\/\/cordis-logistics.pl\/?p=1103"},"modified":"2021-06-08T21:13:05","modified_gmt":"2021-06-08T19:13:05","slug":"ogolnopolska-konferencja-naukowa-ekonomiczne-skutki-pandemii-edycja-ii-z-udzialem-cordis-logistic-za-nami","status":"publish","type":"post","link":"https:\/\/cordis-logistics.pl\/de\/ogolnopolska-konferencja-naukowa-ekonomiczne-skutki-pandemii-edycja-ii-z-udzialem-cordis-logistic-za-nami\/","title":{"rendered":"Bundesweite wissenschaftliche Konferenz &quot;The Economic Effects of the Pandemic - 2. Edition&quot; mit Beteiligung von Cordis Logistic liegt hinter uns"},"content":{"rendered":"<p><strong>Die Coronavirus-Pandemie hat zu drastischen Ver\u00e4nderungen auf dem Markt gef\u00fchrt. Einige Branchen sind aufgrund von Sperren und Hygienebeschr\u00e4nkungen fast vollst\u00e4ndig abgestorben, w\u00e4hrend andere mit den Nebenwirkungen der Situation nach COVID-19 zu k\u00e4mpfen haben. Cordis Logistic beteiligt sich aktiv an Diskussionen \u00fcber die wirtschaftlichen Folgen der aktuellen Situation. Deshalb haben wir an der Nationalen Wissenschaftlichen Konferenz &quot;Wirtschaftliche Auswirkungen der Pandemie - 2. Auflage&quot; teilgenommen.<\/strong><\/p>\n<p><img decoding=\"async\" loading=\"lazy\" class=\"size-medium wp-image-1106 aligncenter\" src=\"https:\/\/cordis-logistics.pl\/wp-content\/uploads\/2021\/05\/ania-300x169.jpg\" alt=\"Konferenz\" width=\"300\" height=\"169\" srcset=\"https:\/\/cordis-logistics.pl\/wp-content\/uploads\/2021\/05\/ania-300x169.jpg 300w,  https:\/\/cordis-logistics.pl\/wp-content\/uploads\/2021\/05\/ania-16x9.jpg 16w,  https:\/\/cordis-logistics.pl\/wp-content\/uploads\/2021\/05\/ania.jpg 613w\" sizes=\"(max-width: 300px) 100vw, 300px\" \/><\/p>\n<p><strong>Bundesweite Wissenschaftskonferenz &quot;Die wirtschaftlichen Auswirkungen der Pandemie - 2. Auflage&quot; - die wichtigsten Informationen<\/strong><\/p>\n<p>Als zweite Veranstaltung in diesem Zyklus fand am 21. April 2021 die Polnische Nationale Wissenschaftskonferenz &quot;Die wirtschaftlichen Auswirkungen der Pandemie&quot; statt. Die erste Veranstaltung fand im Herbst 2020 statt. Die Notwendigkeit, die Diskussion fortzusetzen, wurde schon damals ge\u00e4u\u00dfert \u2013 sie war gerade erst durchgef\u00fchrt worden.<\/p>\n<p>Der Veranstalter der Veranstaltung, die aufgrund der Situation online stattfand, war die Polnische Wirtschaftsgesellschaft, und zu den Hauptpartnern geh\u00f6rten: Sonderwirtschaftszone Kattowitz, der Malteserorden in Polen, PKO TFI, PZU Inwestycje, TiM, KBZ, IM-r.pl, Jurajski Dom Brokerski, Rotary Club Katowice, BetaMed, Huta Pok\u00f3j und Cordis Logistic.<\/p>\n<p>Die Veranstaltung umfasste neun Vortr\u00e4ge von Experten aus verschiedenen Gesch\u00e4ftsnischen. Jeder von ihnen war mit einer Diskussion \u00fcber spezifische Aspekte der popand\u00e4mischen Realit\u00e4t verbunden.<\/p>\n<p>Folgende Reden betrafen:<\/p>\n<ul>\n<li>Auftauen von Portfolios, d. h. Investitionen nach der Pandemie,<\/li>\n<li>neue Herausforderungen f\u00fcr Investoren,<\/li>\n<li>die Lage der Stahlindustrie in Zeiten einer Pandemie,<\/li>\n<li>durch die Pandemie geschaffene Chancen im Rahmen des Ansatzes zur Betreuung von Unternehmen,<\/li>\n<li>\u00f6ffentliche Beschaffung in Zeiten von COVID-19,<\/li>\n<li>auf der Suche nach den Gr\u00fcnden, warum einige Organisationen in einer Situation hoher Marktdestabilisierung besser zurechtkommen,<\/li>\n<li>IT-L\u00f6sungen, mit denen Sie die Herausforderungen der Remote-Arbeit meistern,<\/li>\n<li>Betrachtungen der \u00d6konomie in Theorie und Praxis im Zeitalter einer Pandemie.<\/li>\n<\/ul>\n<p><strong>Eine der Rednerinnen auf der Konferenz war Anna Bu\u0142kowska \u2013 Cordis Logic Development Director<\/strong>. Ihre Rede war eine Analyse der Situation von Familienunternehmen angesichts von COVID-19 im Jahr 2020. Die Pr\u00e4sentation zeigte den Stand der Dinge auf Basis der Markterfahrungen von Cordis Logistic im vergangenen, sehr schwierigen Jahr, das dennoch mit einem guten Ergebnis bestehen konnte.<\/p>\n<p>Die Teilnahme an der Konferenz war f\u00fcr uns eine wertvolle Erfahrung und eine Gelegenheit, uns \u00fcber die aktuelle Situation und die Entwicklungen in der Gesch\u00e4ftswelt in den kommenden Monaten und Jahren auszutauschen. Wir glauben, dass dies nicht das letzte Treffen ist, das eine eingehende Analyse der Realit\u00e4t nach COVID erm\u00f6glicht. Wir hoffen, dass die n\u00e4chste Konferenz station\u00e4r stattfindet.<\/p>","protected":false},"excerpt":{"rendered":"<p>Die Coronavirus-Pandemie hat zu drastischen Ver\u00e4nderungen auf dem Markt gef\u00fchrt. Einige Branchen sind aufgrund von Sperren und Hygienebeschr\u00e4nkungen fast vollst\u00e4ndig abgestorben, w\u00e4hrend andere mit den Nebenwirkungen der Situation nach COVID-19 zu k\u00e4mpfen haben. Cordis Logistic beteiligt sich aktiv an Diskussionen \u00fcber die wirtschaftlichen Folgen der aktuellen Situation. Deshalb haben wir an der Nationalen Wissenschaftlichen Konferenz &quot;Wirtschaftliche Auswirkungen der Pandemie - 2. Auflage&quot; teilgenommen. Nationale Konferenz [...]<\/p>","protected":false},"author":2,"featured_media":0,"comment_status":"closed","ping_status":"closed","sticky":false,"template":"","format":"standard","meta":[],"categories":[7],"tags":[],"yoast_head":"<!-- This site is optimized with the Yoast SEO plugin v20.5 - https:\/\/yoast.com\/wordpress\/plugins\/seo\/ -->\n<title>Og\u00f3lnopolska Konferencja Naukowa \u201eEkonomiczne skutki pandemii \u2013 edycja II\u201d z udzia\u0142em Cordis Logistic za nami - Cordis Logistics<\/title>\n<meta name=\"robots\" content=\"index, follow, max-snippet:-1, max-image-preview:large, max-video-preview:-1\" \/>\n<link rel=\"canonical\" href=\"https:\/\/cordis-logistics.pl\/de\/ogolnopolska-konferencja-naukowa-ekonomiczne-skutki-pandemii-edycja-ii-z-udzialem-cordis-logistic-za-nami\/\" \/>\n<meta property=\"og:locale\" content=\"de_DE\" \/>\n<meta property=\"og:type\" content=\"article\" \/>\n<meta property=\"og:title\" content=\"Og\u00f3lnopolska Konferencja Naukowa \u201eEkonomiczne skutki pandemii \u2013 edycja II\u201d z udzia\u0142em Cordis Logistic za nami - Cordis Logistics\" \/>\n<meta property=\"og:description\" content=\"Pandemia koronawirusa wywo\u0142a\u0142a drastyczne zmiany na rynku. Niekt\u00f3re bran\u017ce z uwagi na lockdown i obostrzenia sanitarne niemal zupe\u0142nie zamar\u0142y, inne musz\u0105 radzi\u0107 sobie ze skutkami ubocznymi sytuacji po COVID-19. Cordis Logistic aktywnie uczestniczy w dyskusji o ekonomicznych skutkach obecnej sytuacji. Dlatego wzi\u0119li\u015bmy udzia\u0142 w Og\u00f3lnopolskiej Konferencji Naukowej \u201eEkonomiczne skutki pandemii \u2013 edycja II\u201d. Og\u00f3lnopolska Konferencja [&hellip;]\" \/>\n<meta property=\"og:url\" content=\"https:\/\/cordis-logistics.pl\/de\/ogolnopolska-konferencja-naukowa-ekonomiczne-skutki-pandemii-edycja-ii-z-udzialem-cordis-logistic-za-nami\/\" \/>\n<meta property=\"og:site_name\" content=\"Cordis Logistics\" \/>\n<meta property=\"article:published_time\" content=\"2021-05-08T19:09:58+00:00\" \/>\n<meta property=\"article:modified_time\" content=\"2021-06-08T19:13:05+00:00\" \/>\n<meta property=\"og:image\" content=\"https:\/\/cordis-logistic.pl\/wp-content\/uploads\/2021\/05\/ania-300x169.jpg\" \/>\n<meta name=\"author\" content=\"Redakcja\" \/>\n<meta name=\"twitter:card\" content=\"summary_large_image\" \/>\n<meta name=\"twitter:label1\" content=\"Verfasst von\" \/>\n\t<meta name=\"twitter:data1\" content=\"Redakcja\" \/>\n\t<meta name=\"twitter:label2\" content=\"Gesch\u00e4tzte Lesezeit\" \/>\n\t<meta name=\"twitter:data2\" content=\"2\u00a0Minuten\" \/>\n<script type=\"application\/ld+json\" class=\"yoast-schema-graph\">{\"@context\":\"https:\/\/schema.org\",\"@graph\":[{\"@type\":\"WebPage\",\"@id\":\"https:\/\/cordis-logistics.pl\/ogolnopolska-konferencja-naukowa-ekonomiczne-skutki-pandemii-edycja-ii-z-udzialem-cordis-logistic-za-nami\/\",\"url\":\"https:\/\/cordis-logistics.pl\/ogolnopolska-konferencja-naukowa-ekonomiczne-skutki-pandemii-edycja-ii-z-udzialem-cordis-logistic-za-nami\/\",\"name\":\"Og\u00f3lnopolska Konferencja Naukowa \u201eEkonomiczne skutki pandemii \u2013 edycja II\u201d z udzia\u0142em Cordis Logistic za nami - Cordis Logistics\",\"isPartOf\":{\"@id\":\"https:\/\/cordis-logistics.pl\/#website\"},\"datePublished\":\"2021-05-08T19:09:58+00:00\",\"dateModified\":\"2021-06-08T19:13:05+00:00\",\"author\":{\"@id\":\"https:\/\/cordis-logistics.pl\/#\/schema\/person\/bd50ad6536ffb3b3396e10d0db1393f8\"},\"breadcrumb\":{\"@id\":\"https:\/\/cordis-logistics.pl\/ogolnopolska-konferencja-naukowa-ekonomiczne-skutki-pandemii-edycja-ii-z-udzialem-cordis-logistic-za-nami\/#breadcrumb\"},\"inLanguage\":\"de\",\"potentialAction\":[{\"@type\":\"ReadAction\",\"target\":[\"https:\/\/cordis-logistics.pl\/ogolnopolska-konferencja-naukowa-ekonomiczne-skutki-pandemii-edycja-ii-z-udzialem-cordis-logistic-za-nami\/\"]}]},{\"@type\":\"BreadcrumbList\",\"@id\":\"https:\/\/cordis-logistics.pl\/ogolnopolska-konferencja-naukowa-ekonomiczne-skutki-pandemii-edycja-ii-z-udzialem-cordis-logistic-za-nami\/#breadcrumb\",\"itemListElement\":[{\"@type\":\"ListItem\",\"position\":1,\"name\":\"Startseite\",\"item\":\"https:\/\/cordis-logistics.pl\/\"},{\"@type\":\"ListItem\",\"position\":2,\"name\":\"Og\u00f3lnopolska Konferencja Naukowa \u201eEkonomiczne skutki pandemii \u2013 edycja II\u201d z udzia\u0142em Cordis Logistic za nami\"}]},{\"@type\":\"WebSite\",\"@id\":\"https:\/\/cordis-logistics.pl\/#website\",\"url\":\"https:\/\/cordis-logistics.pl\/\",\"name\":\"Cordis Logistics\",\"description\":\"Systemowe rozwi\u0105zania dla \u0142a\u0144cucha dostaw\",\"potentialAction\":[{\"@type\":\"SearchAction\",\"target\":{\"@type\":\"EntryPoint\",\"urlTemplate\":\"https:\/\/cordis-logistics.pl\/?s={search_term_string}\"},\"query-input\":\"required name=search_term_string\"}],\"inLanguage\":\"de\"},{\"@type\":\"Person\",\"@id\":\"https:\/\/cordis-logistics.pl\/#\/schema\/person\/bd50ad6536ffb3b3396e10d0db1393f8\",\"name\":\"Redakcja\",\"description\":\"Ten artyku\u0142 zosta\u0142 napisany przez redakcj\u0119 serwisu \u201cCordis Logistic\u201d.\",\"url\":\"https:\/\/cordis-logistics.pl\/de\/author\/anna-dobroscordis-logistic-pl\/\"}]}<\/script>\n<!-- \/ Yoast SEO plugin. -->","yoast_head_json":{"title":"Og\u00f3lnopolska Konferencja Naukowa \u201eEkonomiczne skutki pandemii \u2013 edycja II\u201d z udzia\u0142em Cordis Logistic za nami - Cordis Logistics","robots":{"index":"index","follow":"follow","max-snippet":"max-snippet:-1","max-image-preview":"max-image-preview:large","max-video-preview":"max-video-preview:-1"},"canonical":"https:\/\/cordis-logistics.pl\/de\/ogolnopolska-konferencja-naukowa-ekonomiczne-skutki-pandemii-edycja-ii-z-udzialem-cordis-logistic-za-nami\/","og_locale":"de_DE","og_type":"article","og_title":"Og\u00f3lnopolska Konferencja Naukowa \u201eEkonomiczne skutki pandemii \u2013 edycja II\u201d z udzia\u0142em Cordis Logistic za nami - Cordis Logistics","og_description":"Pandemia koronawirusa wywo\u0142a\u0142a drastyczne zmiany na rynku. Niekt\u00f3re bran\u017ce z uwagi na lockdown i obostrzenia sanitarne niemal zupe\u0142nie zamar\u0142y, inne musz\u0105 radzi\u0107 sobie ze skutkami ubocznymi sytuacji po COVID-19. Cordis Logistic aktywnie uczestniczy w dyskusji o ekonomicznych skutkach obecnej sytuacji. Dlatego wzi\u0119li\u015bmy udzia\u0142 w Og\u00f3lnopolskiej Konferencji Naukowej \u201eEkonomiczne skutki pandemii \u2013 edycja II\u201d. Og\u00f3lnopolska Konferencja [&hellip;]","og_url":"https:\/\/cordis-logistics.pl\/de\/ogolnopolska-konferencja-naukowa-ekonomiczne-skutki-pandemii-edycja-ii-z-udzialem-cordis-logistic-za-nami\/","og_site_name":"Cordis Logistics","article_published_time":"2021-05-08T19:09:58+00:00","article_modified_time":"2021-06-08T19:13:05+00:00","og_image":[{"url":"https:\/\/cordis-logistic.pl\/wp-content\/uploads\/2021\/05\/ania-300x169.jpg"}],"author":"Redakcja","twitter_card":"summary_large_image","twitter_misc":{"Verfasst von":"Redakcja","Gesch\u00e4tzte Lesezeit":"2\u00a0Minuten"},"schema":{"@context":"https:\/\/schema.org","@graph":[{"@type":"WebPage","@id":"https:\/\/cordis-logistics.pl\/ogolnopolska-konferencja-naukowa-ekonomiczne-skutki-pandemii-edycja-ii-z-udzialem-cordis-logistic-za-nami\/","url":"https:\/\/cordis-logistics.pl\/ogolnopolska-konferencja-naukowa-ekonomiczne-skutki-pandemii-edycja-ii-z-udzialem-cordis-logistic-za-nami\/","name":"Og\u00f3lnopolska Konferencja Naukowa \u201eEkonomiczne skutki pandemii \u2013 edycja II\u201d z udzia\u0142em Cordis Logistic za nami - Cordis Logistics","isPartOf":{"@id":"https:\/\/cordis-logistics.pl\/#website"},"datePublished":"2021-05-08T19:09:58+00:00","dateModified":"2021-06-08T19:13:05+00:00","author":{"@id":"https:\/\/cordis-logistics.pl\/#\/schema\/person\/bd50ad6536ffb3b3396e10d0db1393f8"},"breadcrumb":{"@id":"https:\/\/cordis-logistics.pl\/ogolnopolska-konferencja-naukowa-ekonomiczne-skutki-pandemii-edycja-ii-z-udzialem-cordis-logistic-za-nami\/#breadcrumb"},"inLanguage":"de","potentialAction":[{"@type":"ReadAction","target":["https:\/\/cordis-logistics.pl\/ogolnopolska-konferencja-naukowa-ekonomiczne-skutki-pandemii-edycja-ii-z-udzialem-cordis-logistic-za-nami\/"]}]},{"@type":"BreadcrumbList","@id":"https:\/\/cordis-logistics.pl\/ogolnopolska-konferencja-naukowa-ekonomiczne-skutki-pandemii-edycja-ii-z-udzialem-cordis-logistic-za-nami\/#breadcrumb","itemListElement":[{"@type":"ListItem","position":1,"name":"Startseite","item":"https:\/\/cordis-logistics.pl\/"},{"@type":"ListItem","position":2,"name":"Og\u00f3lnopolska Konferencja Naukowa \u201eEkonomiczne skutki pandemii \u2013 edycja II\u201d z udzia\u0142em Cordis Logistic za nami"}]},{"@type":"WebSite","@id":"https:\/\/cordis-logistics.pl\/#website","url":"https:\/\/cordis-logistics.pl\/","name":"Cordis Logistics","description":"Systemowe rozwi\u0105zania dla \u0142a\u0144cucha dostaw","potentialAction":[{"@type":"SearchAction","target":{"@type":"EntryPoint","urlTemplate":"https:\/\/cordis-logistics.pl\/?s={search_term_string}"},"query-input":"required name=search_term_string"}],"inLanguage":"de"},{"@type":"Person","@id":"https:\/\/cordis-logistics.pl\/#\/schema\/person\/bd50ad6536ffb3b3396e10d0db1393f8","name":"Redakcja","description":"Ten artyku\u0142 zosta\u0142 napisany przez redakcj\u0119 serwisu \u201cCordis Logistic\u201d.","url":"https:\/\/cordis-logistics.pl\/de\/author\/anna-dobroscordis-logistic-pl\/"}]}},"_links":{"self":[{"href":"https:\/\/cordis-logistics.pl\/de\/wp-json\/wp\/v2\/posts\/1103"}],"collection":[{"href":"https:\/\/cordis-logistics.pl\/de\/wp-json\/wp\/v2\/posts"}],"about":[{"href":"https:\/\/cordis-logistics.pl\/de\/wp-json\/wp\/v2\/types\/post"}],"author":[{"embeddable":true,"href":"https:\/\/cordis-logistics.pl\/de\/wp-json\/wp\/v2\/users\/2"}],"replies":[{"embeddable":true,"href":"https:\/\/cordis-logistics.pl\/de\/wp-json\/wp\/v2\/comments?post=1103"}],"version-history":[{"count":2,"href":"https:\/\/cordis-logistics.pl\/de\/wp-json\/wp\/v2\/posts\/1103\/revisions"}],"predecessor-version":[{"id":1107,"href":"https:\/\/cordis-logistics.pl\/de\/wp-json\/wp\/v2\/posts\/1103\/revisions\/1107"}],"wp:attachment":[{"href":"https:\/\/cordis-logistics.pl\/de\/wp-json\/wp\/v2\/media?parent=1103"}],"wp:term":[{"taxonomy":"category","embeddable":true,"href":"https:\/\/cordis-logistics.pl\/de\/wp-json\/wp\/v2\/categories?post=1103"},{"taxonomy":"post_tag","embeddable":true,"href":"https:\/\/cordis-logistics.pl\/de\/wp-json\/wp\/v2\/tags?post=1103"}],"curies":[{"name":"wp","href":"https:\/\/api.w.org\/{rel}","templated":true}]}}