{"id":1341,"date":"2022-02-11T23:09:22","date_gmt":"2022-02-11T22:09:22","guid":{"rendered":"https:\/\/cordis-logistics.pl\/?p=1341"},"modified":"2022-05-11T23:10:46","modified_gmt":"2022-05-11T21:10:46","slug":"pakiet-mobilnosci-wchodzi-w-zycie-czesc-zasadnicza","status":"publish","type":"post","link":"https:\/\/cordis-logistics.pl\/en\/pakiet-mobilnosci-wchodzi-w-zycie-czesc-zasadnicza\/","title":{"rendered":"Pakiet mobilno\u015bci \u2013 wchodzi w \u017cycie cz\u0119\u015b\u0107 zasadnicza"},"content":{"rendered":"<p>Zmiany przepis\u00f3w reguluj\u0105cych prac\u0119 firm przewozowych i ich pracownik\u00f3w maj\u0105 zapewni\u0107 wy\u017csze wynagrodzenia i poprawi\u0107 warunki socjalne kierowcom. Ale czy na pewno tak si\u0119 stanie? Przekonamy si\u0119 bardzo szybko, bo zasadnicza cz\u0119\u015b\u0107 pakietu mobilno\u015bci w\u0142a\u015bnie wesz\u0142a w \u017cycie.<\/p>\n<p>Przewo\u017anicy nie mieli zbyt du\u017co czasu na przygotowanie si\u0119 do nowelizacji narzuconej przez Parlament Europejski. Prace nad ostatecznym brzmieniem polskich przepis\u00f3w przeci\u0105gn\u0119\u0142y si\u0119 do ko\u0144c\u00f3wki stycznia.<\/p>\n<p>Najpowa\u017cniejsze zmiany zacz\u0119\u0142y obowi\u0105zywa\u0107 ju\u017c od lutego 2022 roku, a dotycz\u0105 nowych zasady delegowania kierowc\u00f3w. To o nie toczy\u0142 si\u0119 najpowa\u017cniejszy sp\u00f3r w ca\u0142ej Europie i to w\u0142a\u015bnie tych przepis\u00f3w przewo\u017anicy bali si\u0119 najbardziej. Obawy dotyczy\u0142y g\u0142\u00f3wnie zmiany zasad wynagrodze\u0144 w tych sytuacjach. Odt\u0105d kierowcom delegowanym, wykonuj\u0105cym tzw. kabota\u017c czy cross-trade (czyli przewozy wewn\u0105trz unijne), trzeba b\u0119dzie nalicza\u0107 wynagrodzenie takie jak obowi\u0105zuj\u0105ce w pa\u0144stwach, w kt\u00f3rych przewo\u017anicy \u015bwiadcz\u0105 us\u0142ugi obj\u0119te delegowaniem. Kierowca musi mie\u0107 r\u00f3wnie\u017c zapewnione warunki pracy oraz inne \u015bwiadczenia pracownicze obowi\u0105zuj\u0105ce w danym kraju.<\/p>\n<p><em>&#8211; To nie tylko podniesie koszty pracy, ale b\u0119dzie te\u017c du\u017cym wyzwaniem dla ksi\u0119gowych. B\u0119d\u0105 musieli orientowa\u0107 si\u0119 w przepisach pa\u0144stw, do kt\u00f3rych delegowani s\u0105 pracownicy i odpowiednio nalicza\u0107 koszty pracy wed\u0142ug ich wska\u017anik\u00f3w \u2013<\/em> spodziewa si\u0119 <strong>Bart\u0142omiej Dobosz<\/strong>, prokurent firmy Cordis Logistics.<\/p>\n<p>Przepisy nie dotycz\u0105 przewoz\u00f3w tranzytowych i dwustronnych (z oraz do Polski) z maksymalnie dwoma dodatkowymi operacjami typu za\u0142adunek i roz\u0142adunek. Aby to udokumentowa\u0107 kierowcy ju\u017c na pierwszym parkingu po przekroczeniu granicy powinni na tachografie wprowadza\u0107 oznaczenie kraju, do kt\u00f3rego wjechali.<\/p>\n<p>Kolejna wa\u017cna zmiana to zakaz traktowania zada\u0144 kierowc\u00f3w wykonuj\u0105cych mi\u0119dzynarodowe przewozy drogowe jako podr\u00f3\u017c s\u0142u\u017cbow\u0105. To znaczy, \u017ce na poczet wynagrodzenia za prac\u0119 poza granicami kraju nie mo\u017cna ju\u017c zalicza\u0107 nale\u017cno\u015bci z tytu\u0142u podr\u00f3\u017cy s\u0142u\u017cbowych, takich jak dieta czy rycza\u0142t noclegowy. Przewo\u017anicy wyliczaj\u0105, \u017ce tylko te zmiany spowoduj\u0105 wzrost koszt\u00f3w utrzymania pracownika nawet o 20 procent.<\/p>\n<p>Du\u017cym wyzwaniem b\u0119dzie teraz te\u017c u\u0142o\u017cenie grafiku pracy. Pojazd przynajmniej po o\u015bmiu tygodniach musi bowiem powr\u00f3ci\u0107 do pa\u0144stwa siedziby przewo\u017anika. Nowe przepisy uderz\u0105 te\u017c w mo\u017cliwo\u015b\u0107 wykonywania kabota\u017cu, bo pomi\u0119dzy us\u0142ugami kabota\u017cowymi b\u0119dzie trzeba znale\u017a\u0107 cztery dni przerwy.<\/p>\n<p>Przedsi\u0119biorcy powinni zacz\u0105\u0107 si\u0119 te\u017c przygotowa\u0107 na nowe wymagania dotycz\u0105ce bazy eksploatacyjnej. Od 1 stycznia 2023 r. \u0142\u0105czna liczba miejsc parkingowych musi odpowiada\u0107 1\/3 wielko\u015bci floty. W razie niespe\u0142nienia wymogu trzeba liczy\u0107 si\u0119 nawet z utrat\u0105 zezwolenia na wykonywanie zawodu przewo\u017anika.<\/p>\n<p>Zdaniem przedsi\u0119biorc\u00f3w i kierowc\u00f3w, pakiet mobilno\u015bci na pewno podniesie koszty pracy, ale pensje niekoniecznie. Pracownicy licz\u0105 jednak na popraw\u0119 warunk\u00f3w socjalnych. Wi\u0119ksza cz\u0119\u015b\u0107 osk\u0142adkowanych dochod\u00f3w powinna wp\u0142yn\u0105\u0107 na wy\u017csze \u015bwiadczenia w razie zwolnie\u0144 lekarskich, urlop\u00f3w czy w przypadku przechodzenia na emerytur\u0119.<\/p>\n<p>A przypomnijmy, \u017ce kwestii socjalnych dotyczy\u0142y te\u017c pierwsze regulacje Pakietu mobilno\u015bci z sierpnia 2020 roku. Dotyczy\u0142y one g\u0142\u00f3wnie wypoczynku gwarantowanego kierowcom: obowi\u0105zku powrotu co cztery tygodnie do centrum operacyjnego lub swojego miejsca zamieszkania na ponad 45 godzin; mo\u017cliwo\u015bci odebrania (po spe\u0142nieniu okre\u015blonych warunk\u00f3w) dw\u00f3ch skr\u00f3conych odpoczynk\u00f3w tygodniowych z rz\u0119du; zakazu odbierania odpoczynk\u00f3w tygodniowych w kabinie pojazdu.<\/p>\n<p><em>&#8211; Pakiet mobilno\u015bci wprowadza bardzo powa\u017cne zmiany do przepis\u00f3w reguluj\u0105cych funkcjonowanie firm przewozowych. Przedsi\u0119biorcy z pewno\u015bci\u0105 potrzebuj\u0105 czasu, \u017ceby si\u0119 do nich dostosowa\u0107. Jestem przekonany, \u017ce kierowcy podejd\u0105 do tego ze zrozumieniem<\/em> \u2013 m\u00f3wi Dobosz<\/p>","protected":false},"excerpt":{"rendered":"<p>Zmiany przepis\u00f3w reguluj\u0105cych prac\u0119 firm przewozowych i ich pracownik\u00f3w maj\u0105 zapewni\u0107 wy\u017csze wynagrodzenia i poprawi\u0107 warunki socjalne kierowcom. Ale czy na pewno tak si\u0119 stanie? Przekonamy si\u0119 bardzo szybko, bo zasadnicza cz\u0119\u015b\u0107 pakietu mobilno\u015bci w\u0142a\u015bnie wesz\u0142a w \u017cycie. Przewo\u017anicy nie mieli zbyt du\u017co czasu na przygotowanie si\u0119 do nowelizacji narzuconej przez Parlament Europejski. Prace nad [&hellip;]<\/p>","protected":false},"author":3,"featured_media":1340,"comment_status":"closed","ping_status":"closed","sticky":false,"template":"","format":"standard","meta":[],"categories":[7],"tags":[],"yoast_head":"<!-- This site is optimized with the Yoast SEO plugin v20.5 - https:\/\/yoast.com\/wordpress\/plugins\/seo\/ -->\n<title>Pakiet mobilno\u015bci \u2013 wchodzi w \u017cycie cz\u0119\u015b\u0107 zasadnicza - Cordis Logistics<\/title>\n<meta name=\"robots\" content=\"index, follow, max-snippet:-1, max-image-preview:large, max-video-preview:-1\" \/>\n<link rel=\"canonical\" href=\"https:\/\/cordis-logistics.pl\/en\/pakiet-mobilnosci-wchodzi-w-zycie-czesc-zasadnicza\/\" \/>\n<meta property=\"og:locale\" content=\"en_GB\" \/>\n<meta property=\"og:type\" content=\"article\" \/>\n<meta property=\"og:title\" content=\"Pakiet mobilno\u015bci \u2013 wchodzi w \u017cycie cz\u0119\u015b\u0107 zasadnicza - Cordis Logistics\" \/>\n<meta property=\"og:description\" content=\"Zmiany przepis\u00f3w reguluj\u0105cych prac\u0119 firm przewozowych i ich pracownik\u00f3w maj\u0105 zapewni\u0107 wy\u017csze wynagrodzenia i poprawi\u0107 warunki socjalne kierowcom. Ale czy na pewno tak si\u0119 stanie? Przekonamy si\u0119 bardzo szybko, bo zasadnicza cz\u0119\u015b\u0107 pakietu mobilno\u015bci w\u0142a\u015bnie wesz\u0142a w \u017cycie. Przewo\u017anicy nie mieli zbyt du\u017co czasu na przygotowanie si\u0119 do nowelizacji narzuconej przez Parlament Europejski. Prace nad [&hellip;]\" \/>\n<meta property=\"og:url\" content=\"https:\/\/cordis-logistics.pl\/en\/pakiet-mobilnosci-wchodzi-w-zycie-czesc-zasadnicza\/\" \/>\n<meta property=\"og:site_name\" content=\"Cordis Logistics\" \/>\n<meta property=\"article:published_time\" content=\"2022-02-11T22:09:22+00:00\" \/>\n<meta property=\"article:modified_time\" content=\"2022-05-11T21:10:46+00:00\" \/>\n<meta property=\"og:image\" content=\"https:\/\/cordis-logistics.pl\/wp-content\/uploads\/2022\/05\/road-white-traffic-car-automobile-van-592606-pxhere.com-2-scaled.jpg\" \/>\n\t<meta property=\"og:image:width\" content=\"2560\" \/>\n\t<meta property=\"og:image:height\" content=\"1707\" \/>\n\t<meta property=\"og:image:type\" content=\"image\/jpeg\" \/>\n<meta name=\"author\" content=\"Cordis Admin\" \/>\n<meta name=\"twitter:card\" content=\"summary_large_image\" \/>\n<meta name=\"twitter:label1\" content=\"Written by\" \/>\n\t<meta name=\"twitter:data1\" content=\"Cordis Admin\" \/>\n\t<meta name=\"twitter:label2\" content=\"Estimated reading time\" \/>\n\t<meta name=\"twitter:data2\" content=\"3 minutes\" \/>\n<script type=\"application\/ld+json\" class=\"yoast-schema-graph\">{\"@context\":\"https:\/\/schema.org\",\"@graph\":[{\"@type\":\"WebPage\",\"@id\":\"https:\/\/cordis-logistics.pl\/pakiet-mobilnosci-wchodzi-w-zycie-czesc-zasadnicza\/\",\"url\":\"https:\/\/cordis-logistics.pl\/pakiet-mobilnosci-wchodzi-w-zycie-czesc-zasadnicza\/\",\"name\":\"Pakiet mobilno\u015bci \u2013 wchodzi w \u017cycie cz\u0119\u015b\u0107 zasadnicza - Cordis Logistics\",\"isPartOf\":{\"@id\":\"https:\/\/cordis-logistics.pl\/#website\"},\"datePublished\":\"2022-02-11T22:09:22+00:00\",\"dateModified\":\"2022-05-11T21:10:46+00:00\",\"author\":{\"@id\":\"https:\/\/cordis-logistics.pl\/#\/schema\/person\/c39da4d11811ea5a2379715f57366ed4\"},\"breadcrumb\":{\"@id\":\"https:\/\/cordis-logistics.pl\/pakiet-mobilnosci-wchodzi-w-zycie-czesc-zasadnicza\/#breadcrumb\"},\"inLanguage\":\"en-GB\",\"potentialAction\":[{\"@type\":\"ReadAction\",\"target\":[\"https:\/\/cordis-logistics.pl\/pakiet-mobilnosci-wchodzi-w-zycie-czesc-zasadnicza\/\"]}]},{\"@type\":\"BreadcrumbList\",\"@id\":\"https:\/\/cordis-logistics.pl\/pakiet-mobilnosci-wchodzi-w-zycie-czesc-zasadnicza\/#breadcrumb\",\"itemListElement\":[{\"@type\":\"ListItem\",\"position\":1,\"name\":\"Home\",\"item\":\"https:\/\/cordis-logistics.pl\/\"},{\"@type\":\"ListItem\",\"position\":2,\"name\":\"Pakiet mobilno\u015bci \u2013 wchodzi w \u017cycie cz\u0119\u015b\u0107 zasadnicza\"}]},{\"@type\":\"WebSite\",\"@id\":\"https:\/\/cordis-logistics.pl\/#website\",\"url\":\"https:\/\/cordis-logistics.pl\/\",\"name\":\"Cordis Logistics\",\"description\":\"Systemowe rozwi\u0105zania dla \u0142a\u0144cucha dostaw\",\"potentialAction\":[{\"@type\":\"SearchAction\",\"target\":{\"@type\":\"EntryPoint\",\"urlTemplate\":\"https:\/\/cordis-logistics.pl\/?s={search_term_string}\"},\"query-input\":\"required name=search_term_string\"}],\"inLanguage\":\"en-GB\"},{\"@type\":\"Person\",\"@id\":\"https:\/\/cordis-logistics.pl\/#\/schema\/person\/c39da4d11811ea5a2379715f57366ed4\",\"name\":\"Cordis Admin\",\"sameAs\":[\"https:\/\/cordis-logistics.pl\"],\"url\":\"https:\/\/cordis-logistics.pl\/en\/author\/anna-bulkowska\/\"}]}<\/script>\n<!-- \/ Yoast SEO plugin. -->","yoast_head_json":{"title":"Pakiet mobilno\u015bci \u2013 wchodzi w \u017cycie cz\u0119\u015b\u0107 zasadnicza - Cordis Logistics","robots":{"index":"index","follow":"follow","max-snippet":"max-snippet:-1","max-image-preview":"max-image-preview:large","max-video-preview":"max-video-preview:-1"},"canonical":"https:\/\/cordis-logistics.pl\/en\/pakiet-mobilnosci-wchodzi-w-zycie-czesc-zasadnicza\/","og_locale":"en_GB","og_type":"article","og_title":"Pakiet mobilno\u015bci \u2013 wchodzi w \u017cycie cz\u0119\u015b\u0107 zasadnicza - Cordis Logistics","og_description":"Zmiany przepis\u00f3w reguluj\u0105cych prac\u0119 firm przewozowych i ich pracownik\u00f3w maj\u0105 zapewni\u0107 wy\u017csze wynagrodzenia i poprawi\u0107 warunki socjalne kierowcom. Ale czy na pewno tak si\u0119 stanie? Przekonamy si\u0119 bardzo szybko, bo zasadnicza cz\u0119\u015b\u0107 pakietu mobilno\u015bci w\u0142a\u015bnie wesz\u0142a w \u017cycie. Przewo\u017anicy nie mieli zbyt du\u017co czasu na przygotowanie si\u0119 do nowelizacji narzuconej przez Parlament Europejski. Prace nad [&hellip;]","og_url":"https:\/\/cordis-logistics.pl\/en\/pakiet-mobilnosci-wchodzi-w-zycie-czesc-zasadnicza\/","og_site_name":"Cordis Logistics","article_published_time":"2022-02-11T22:09:22+00:00","article_modified_time":"2022-05-11T21:10:46+00:00","og_image":[{"width":2560,"height":1707,"url":"https:\/\/cordis-logistics.pl\/wp-content\/uploads\/2022\/05\/road-white-traffic-car-automobile-van-592606-pxhere.com-2-scaled.jpg","type":"image\/jpeg"}],"author":"Cordis Admin","twitter_card":"summary_large_image","twitter_misc":{"Written by":"Cordis Admin","Estimated reading time":"3 minutes"},"schema":{"@context":"https:\/\/schema.org","@graph":[{"@type":"WebPage","@id":"https:\/\/cordis-logistics.pl\/pakiet-mobilnosci-wchodzi-w-zycie-czesc-zasadnicza\/","url":"https:\/\/cordis-logistics.pl\/pakiet-mobilnosci-wchodzi-w-zycie-czesc-zasadnicza\/","name":"Pakiet mobilno\u015bci \u2013 wchodzi w \u017cycie cz\u0119\u015b\u0107 zasadnicza - Cordis Logistics","isPartOf":{"@id":"https:\/\/cordis-logistics.pl\/#website"},"datePublished":"2022-02-11T22:09:22+00:00","dateModified":"2022-05-11T21:10:46+00:00","author":{"@id":"https:\/\/cordis-logistics.pl\/#\/schema\/person\/c39da4d11811ea5a2379715f57366ed4"},"breadcrumb":{"@id":"https:\/\/cordis-logistics.pl\/pakiet-mobilnosci-wchodzi-w-zycie-czesc-zasadnicza\/#breadcrumb"},"inLanguage":"en-GB","potentialAction":[{"@type":"ReadAction","target":["https:\/\/cordis-logistics.pl\/pakiet-mobilnosci-wchodzi-w-zycie-czesc-zasadnicza\/"]}]},{"@type":"BreadcrumbList","@id":"https:\/\/cordis-logistics.pl\/pakiet-mobilnosci-wchodzi-w-zycie-czesc-zasadnicza\/#breadcrumb","itemListElement":[{"@type":"ListItem","position":1,"name":"Home","item":"https:\/\/cordis-logistics.pl\/"},{"@type":"ListItem","position":2,"name":"Pakiet mobilno\u015bci \u2013 wchodzi w \u017cycie cz\u0119\u015b\u0107 zasadnicza"}]},{"@type":"WebSite","@id":"https:\/\/cordis-logistics.pl\/#website","url":"https:\/\/cordis-logistics.pl\/","name":"Cordis Logistics","description":"Systemowe rozwi\u0105zania dla \u0142a\u0144cucha dostaw","potentialAction":[{"@type":"SearchAction","target":{"@type":"EntryPoint","urlTemplate":"https:\/\/cordis-logistics.pl\/?s={search_term_string}"},"query-input":"required name=search_term_string"}],"inLanguage":"en-GB"},{"@type":"Person","@id":"https:\/\/cordis-logistics.pl\/#\/schema\/person\/c39da4d11811ea5a2379715f57366ed4","name":"Cordis Admin","sameAs":["https:\/\/cordis-logistics.pl"],"url":"https:\/\/cordis-logistics.pl\/en\/author\/anna-bulkowska\/"}]}},"_links":{"self":[{"href":"https:\/\/cordis-logistics.pl\/en\/wp-json\/wp\/v2\/posts\/1341"}],"collection":[{"href":"https:\/\/cordis-logistics.pl\/en\/wp-json\/wp\/v2\/posts"}],"about":[{"href":"https:\/\/cordis-logistics.pl\/en\/wp-json\/wp\/v2\/types\/post"}],"author":[{"embeddable":true,"href":"https:\/\/cordis-logistics.pl\/en\/wp-json\/wp\/v2\/users\/3"}],"replies":[{"embeddable":true,"href":"https:\/\/cordis-logistics.pl\/en\/wp-json\/wp\/v2\/comments?post=1341"}],"version-history":[{"count":1,"href":"https:\/\/cordis-logistics.pl\/en\/wp-json\/wp\/v2\/posts\/1341\/revisions"}],"predecessor-version":[{"id":1342,"href":"https:\/\/cordis-logistics.pl\/en\/wp-json\/wp\/v2\/posts\/1341\/revisions\/1342"}],"wp:featuredmedia":[{"embeddable":true,"href":"https:\/\/cordis-logistics.pl\/en\/wp-json\/wp\/v2\/media\/1340"}],"wp:attachment":[{"href":"https:\/\/cordis-logistics.pl\/en\/wp-json\/wp\/v2\/media?parent=1341"}],"wp:term":[{"taxonomy":"category","embeddable":true,"href":"https:\/\/cordis-logistics.pl\/en\/wp-json\/wp\/v2\/categories?post=1341"},{"taxonomy":"post_tag","embeddable":true,"href":"https:\/\/cordis-logistics.pl\/en\/wp-json\/wp\/v2\/tags?post=1341"}],"curies":[{"name":"wp","href":"https:\/\/api.w.org\/{rel}","templated":true}]}}