{"id":1484,"date":"2023-02-08T13:51:12","date_gmt":"2023-02-08T12:51:12","guid":{"rendered":"https:\/\/cordis-logistics.pl\/?p=1484"},"modified":"2023-02-08T13:51:12","modified_gmt":"2023-02-08T12:51:12","slug":"deles-z-nowa-fabryka","status":"publish","type":"post","link":"https:\/\/cordis-logistics.pl\/en\/deles-z-nowa-fabryka\/","title":{"rendered":"Deles z now\u0105 fabryk\u0105"},"content":{"rendered":"<p><strong>7 lutego uczestniczyli\u015bmy w\u00a0otwarciu zak\u0142adu Deles, producenta tekturowych opakowa\u0144\u00a0w Gorzowie Wielkopolskim.<\/strong><\/p>\n<p>Nowy zak\u0142ad jest w stanie produkowa\u0107 20 tysi\u0119cy opakowa\u0144 tygodniowo.<\/p>\n<p><strong>Cordis Logistics jest biznesowym partnerem Deles<\/strong>. Wsp\u00f3\u0142pracujemy outsourcuj\u0105c dla klienta us\u0142ugi logistyczne w kilku lokalizacjach na terenie Polski. Kooperacja ma te\u017c miejsce na W\u0119grzech.<\/p>\n<p>fot.: https:\/\/um.gorzow.pl\/aktualnosci\/firma-deles-w-gorzowie.html<\/p>","protected":false},"excerpt":{"rendered":"<p>7 lutego uczestniczyli\u015bmy w\u00a0otwarciu zak\u0142adu Deles, producenta tekturowych opakowa\u0144\u00a0w Gorzowie Wielkopolskim. Nowy zak\u0142ad jest w stanie produkowa\u0107 20 tysi\u0119cy opakowa\u0144 tygodniowo. Cordis Logistics jest biznesowym partnerem Deles. Wsp\u00f3\u0142pracujemy outsourcuj\u0105c dla klienta us\u0142ugi logistyczne w kilku lokalizacjach na terenie Polski. Kooperacja ma te\u017c miejsce na W\u0119grzech. fot.: https:\/\/um.gorzow.pl\/aktualnosci\/firma-deles-w-gorzowie.html<\/p>","protected":false},"author":3,"featured_media":1485,"comment_status":"closed","ping_status":"closed","sticky":false,"template":"","format":"standard","meta":[],"categories":[7],"tags":[],"yoast_head":"<!-- This site is optimized with the Yoast SEO plugin v20.5 - https:\/\/yoast.com\/wordpress\/plugins\/seo\/ -->\n<title>Deles z now\u0105 fabryk\u0105 - Cordis Logistics<\/title>\n<meta name=\"robots\" content=\"index, follow, max-snippet:-1, max-image-preview:large, max-video-preview:-1\" \/>\n<link rel=\"canonical\" href=\"https:\/\/cordis-logistics.pl\/en\/deles-z-nowa-fabryka\/\" \/>\n<meta property=\"og:locale\" content=\"en_GB\" \/>\n<meta property=\"og:type\" content=\"article\" \/>\n<meta property=\"og:title\" content=\"Deles z now\u0105 fabryk\u0105 - Cordis Logistics\" \/>\n<meta property=\"og:description\" content=\"7 lutego uczestniczyli\u015bmy w\u00a0otwarciu zak\u0142adu Deles, producenta tekturowych opakowa\u0144\u00a0w Gorzowie Wielkopolskim. Nowy zak\u0142ad jest w stanie produkowa\u0107 20 tysi\u0119cy opakowa\u0144 tygodniowo. Cordis Logistics jest biznesowym partnerem Deles. Wsp\u00f3\u0142pracujemy outsourcuj\u0105c dla klienta us\u0142ugi logistyczne w kilku lokalizacjach na terenie Polski. Kooperacja ma te\u017c miejsce na W\u0119grzech. fot.: https:\/\/um.gorzow.pl\/aktualnosci\/firma-deles-w-gorzowie.html\" \/>\n<meta property=\"og:url\" content=\"https:\/\/cordis-logistics.pl\/en\/deles-z-nowa-fabryka\/\" \/>\n<meta property=\"og:site_name\" content=\"Cordis Logistics\" \/>\n<meta property=\"article:published_time\" content=\"2023-02-08T12:51:12+00:00\" \/>\n<meta property=\"og:image\" content=\"https:\/\/cordis-logistics.pl\/wp-content\/uploads\/2023\/02\/2.png\" \/>\n\t<meta property=\"og:image:width\" content=\"1250\" \/>\n\t<meta property=\"og:image:height\" content=\"833\" \/>\n\t<meta property=\"og:image:type\" content=\"image\/png\" \/>\n<meta name=\"author\" content=\"Cordis Admin\" \/>\n<meta name=\"twitter:card\" content=\"summary_large_image\" \/>\n<meta name=\"twitter:label1\" content=\"Written by\" \/>\n\t<meta name=\"twitter:data1\" content=\"Cordis Admin\" \/>\n\t<meta name=\"twitter:label2\" content=\"Estimated reading time\" \/>\n\t<meta name=\"twitter:data2\" content=\"1 minute\" \/>\n<script type=\"application\/ld+json\" class=\"yoast-schema-graph\">{\"@context\":\"https:\/\/schema.org\",\"@graph\":[{\"@type\":\"WebPage\",\"@id\":\"https:\/\/cordis-logistics.pl\/de\/deles-z-nowa-fabryka\/\",\"url\":\"https:\/\/cordis-logistics.pl\/de\/deles-z-nowa-fabryka\/\",\"name\":\"Deles z now\u0105 fabryk\u0105 - Cordis Logistics\",\"isPartOf\":{\"@id\":\"https:\/\/cordis-logistics.pl\/#website\"},\"datePublished\":\"2023-02-08T12:51:12+00:00\",\"dateModified\":\"2023-02-08T12:51:12+00:00\",\"author\":{\"@id\":\"https:\/\/cordis-logistics.pl\/#\/schema\/person\/c39da4d11811ea5a2379715f57366ed4\"},\"breadcrumb\":{\"@id\":\"https:\/\/cordis-logistics.pl\/de\/deles-z-nowa-fabryka\/#breadcrumb\"},\"inLanguage\":\"en-GB\",\"potentialAction\":[{\"@type\":\"ReadAction\",\"target\":[\"https:\/\/cordis-logistics.pl\/de\/deles-z-nowa-fabryka\/\"]}]},{\"@type\":\"BreadcrumbList\",\"@id\":\"https:\/\/cordis-logistics.pl\/de\/deles-z-nowa-fabryka\/#breadcrumb\",\"itemListElement\":[{\"@type\":\"ListItem\",\"position\":1,\"name\":\"Home\",\"item\":\"https:\/\/cordis-logistics.pl\/\"},{\"@type\":\"ListItem\",\"position\":2,\"name\":\"Deles z now\u0105 fabryk\u0105\"}]},{\"@type\":\"WebSite\",\"@id\":\"https:\/\/cordis-logistics.pl\/#website\",\"url\":\"https:\/\/cordis-logistics.pl\/\",\"name\":\"Cordis Logistics\",\"description\":\"Systemowe rozwi\u0105zania dla \u0142a\u0144cucha dostaw\",\"potentialAction\":[{\"@type\":\"SearchAction\",\"target\":{\"@type\":\"EntryPoint\",\"urlTemplate\":\"https:\/\/cordis-logistics.pl\/?s={search_term_string}\"},\"query-input\":\"required name=search_term_string\"}],\"inLanguage\":\"en-GB\"},{\"@type\":\"Person\",\"@id\":\"https:\/\/cordis-logistics.pl\/#\/schema\/person\/c39da4d11811ea5a2379715f57366ed4\",\"name\":\"Cordis Admin\",\"sameAs\":[\"https:\/\/cordis-logistics.pl\"],\"url\":\"https:\/\/cordis-logistics.pl\/en\/author\/anna-bulkowska\/\"}]}<\/script>\n<!-- \/ Yoast SEO plugin. -->","yoast_head_json":{"title":"Deles z now\u0105 fabryk\u0105 - Cordis Logistics","robots":{"index":"index","follow":"follow","max-snippet":"max-snippet:-1","max-image-preview":"max-image-preview:large","max-video-preview":"max-video-preview:-1"},"canonical":"https:\/\/cordis-logistics.pl\/en\/deles-z-nowa-fabryka\/","og_locale":"en_GB","og_type":"article","og_title":"Deles z now\u0105 fabryk\u0105 - Cordis Logistics","og_description":"7 lutego uczestniczyli\u015bmy w\u00a0otwarciu zak\u0142adu Deles, producenta tekturowych opakowa\u0144\u00a0w Gorzowie Wielkopolskim. Nowy zak\u0142ad jest w stanie produkowa\u0107 20 tysi\u0119cy opakowa\u0144 tygodniowo. Cordis Logistics jest biznesowym partnerem Deles. Wsp\u00f3\u0142pracujemy outsourcuj\u0105c dla klienta us\u0142ugi logistyczne w kilku lokalizacjach na terenie Polski. Kooperacja ma te\u017c miejsce na W\u0119grzech. fot.: https:\/\/um.gorzow.pl\/aktualnosci\/firma-deles-w-gorzowie.html","og_url":"https:\/\/cordis-logistics.pl\/en\/deles-z-nowa-fabryka\/","og_site_name":"Cordis Logistics","article_published_time":"2023-02-08T12:51:12+00:00","og_image":[{"width":1250,"height":833,"url":"https:\/\/cordis-logistics.pl\/wp-content\/uploads\/2023\/02\/2.png","type":"image\/png"}],"author":"Cordis Admin","twitter_card":"summary_large_image","twitter_misc":{"Written by":"Cordis Admin","Estimated reading time":"1 minute"},"schema":{"@context":"https:\/\/schema.org","@graph":[{"@type":"WebPage","@id":"https:\/\/cordis-logistics.pl\/de\/deles-z-nowa-fabryka\/","url":"https:\/\/cordis-logistics.pl\/de\/deles-z-nowa-fabryka\/","name":"Deles z now\u0105 fabryk\u0105 - Cordis Logistics","isPartOf":{"@id":"https:\/\/cordis-logistics.pl\/#website"},"datePublished":"2023-02-08T12:51:12+00:00","dateModified":"2023-02-08T12:51:12+00:00","author":{"@id":"https:\/\/cordis-logistics.pl\/#\/schema\/person\/c39da4d11811ea5a2379715f57366ed4"},"breadcrumb":{"@id":"https:\/\/cordis-logistics.pl\/de\/deles-z-nowa-fabryka\/#breadcrumb"},"inLanguage":"en-GB","potentialAction":[{"@type":"ReadAction","target":["https:\/\/cordis-logistics.pl\/de\/deles-z-nowa-fabryka\/"]}]},{"@type":"BreadcrumbList","@id":"https:\/\/cordis-logistics.pl\/de\/deles-z-nowa-fabryka\/#breadcrumb","itemListElement":[{"@type":"ListItem","position":1,"name":"Home","item":"https:\/\/cordis-logistics.pl\/"},{"@type":"ListItem","position":2,"name":"Deles z now\u0105 fabryk\u0105"}]},{"@type":"WebSite","@id":"https:\/\/cordis-logistics.pl\/#website","url":"https:\/\/cordis-logistics.pl\/","name":"Cordis Logistics","description":"Systemowe rozwi\u0105zania dla \u0142a\u0144cucha dostaw","potentialAction":[{"@type":"SearchAction","target":{"@type":"EntryPoint","urlTemplate":"https:\/\/cordis-logistics.pl\/?s={search_term_string}"},"query-input":"required name=search_term_string"}],"inLanguage":"en-GB"},{"@type":"Person","@id":"https:\/\/cordis-logistics.pl\/#\/schema\/person\/c39da4d11811ea5a2379715f57366ed4","name":"Cordis Admin","sameAs":["https:\/\/cordis-logistics.pl"],"url":"https:\/\/cordis-logistics.pl\/en\/author\/anna-bulkowska\/"}]}},"_links":{"self":[{"href":"https:\/\/cordis-logistics.pl\/en\/wp-json\/wp\/v2\/posts\/1484"}],"collection":[{"href":"https:\/\/cordis-logistics.pl\/en\/wp-json\/wp\/v2\/posts"}],"about":[{"href":"https:\/\/cordis-logistics.pl\/en\/wp-json\/wp\/v2\/types\/post"}],"author":[{"embeddable":true,"href":"https:\/\/cordis-logistics.pl\/en\/wp-json\/wp\/v2\/users\/3"}],"replies":[{"embeddable":true,"href":"https:\/\/cordis-logistics.pl\/en\/wp-json\/wp\/v2\/comments?post=1484"}],"version-history":[{"count":1,"href":"https:\/\/cordis-logistics.pl\/en\/wp-json\/wp\/v2\/posts\/1484\/revisions"}],"predecessor-version":[{"id":1486,"href":"https:\/\/cordis-logistics.pl\/en\/wp-json\/wp\/v2\/posts\/1484\/revisions\/1486"}],"wp:featuredmedia":[{"embeddable":true,"href":"https:\/\/cordis-logistics.pl\/en\/wp-json\/wp\/v2\/media\/1485"}],"wp:attachment":[{"href":"https:\/\/cordis-logistics.pl\/en\/wp-json\/wp\/v2\/media?parent=1484"}],"wp:term":[{"taxonomy":"category","embeddable":true,"href":"https:\/\/cordis-logistics.pl\/en\/wp-json\/wp\/v2\/categories?post=1484"},{"taxonomy":"post_tag","embeddable":true,"href":"https:\/\/cordis-logistics.pl\/en\/wp-json\/wp\/v2\/tags?post=1484"}],"curies":[{"name":"wp","href":"https:\/\/api.w.org\/{rel}","templated":true}]}}