{"id":1753,"date":"2023-05-09T06:40:37","date_gmt":"2023-05-09T04:40:37","guid":{"rendered":"https:\/\/cordis-logistics.pl\/?p=1753"},"modified":"2023-05-09T06:40:37","modified_gmt":"2023-05-09T04:40:37","slug":"wspolpraca-z-hisense-gorenje","status":"publish","type":"post","link":"https:\/\/cordis-logistics.pl\/en\/wspolpraca-z-hisense-gorenje\/","title":{"rendered":"Wsp\u00f3\u0142praca z Hisense Gorenje"},"content":{"rendered":"<p><strong>Z dum\u0105 informujemy, \u017ce podpisali\u015bmy umow\u0119 o wsp\u00f3\u0142pracy z nowym klientem Hisense Gorenje, jednym z wiod\u0105cych producent\u00f3w elektroniki i sprz\u0119tu AGD na \u015bwiecie.<\/strong><\/p>\n<p>Ta globalna marka \u0142\u0105czy w sobie europejsk\u0105 jako\u015b\u0107 i technologi\u0119, dzi\u0119ki wsp\u00f3\u0142pracy mi\u0119dzy chi\u0144skim Hisense i s\u0142owe\u0144skim Gorenje.<\/p>\n<p>Ze strony sp\u00f3\u0142ki umow\u0119 podpisa\u0142 Bart\u0142omiej Dobosz, Prokurent Cordis Logistics.<\/p>","protected":false},"excerpt":{"rendered":"<p>Z dum\u0105 informujemy, \u017ce podpisali\u015bmy umow\u0119 o wsp\u00f3\u0142pracy z nowym klientem Hisense Gorenje, jednym z wiod\u0105cych producent\u00f3w elektroniki i sprz\u0119tu AGD na \u015bwiecie. Ta globalna marka \u0142\u0105czy w sobie europejsk\u0105 jako\u015b\u0107 i technologi\u0119, dzi\u0119ki wsp\u00f3\u0142pracy mi\u0119dzy chi\u0144skim Hisense i s\u0142owe\u0144skim Gorenje. Ze strony sp\u00f3\u0142ki umow\u0119 podpisa\u0142 Bart\u0142omiej Dobosz, Prokurent Cordis Logistics.<\/p>","protected":false},"author":1,"featured_media":1754,"comment_status":"closed","ping_status":"closed","sticky":false,"template":"","format":"standard","meta":[],"categories":[7],"tags":[],"yoast_head":"<!-- This site is optimized with the Yoast SEO plugin v20.5 - https:\/\/yoast.com\/wordpress\/plugins\/seo\/ -->\n<title>Wsp\u00f3\u0142praca z Hisense Gorenje - Cordis Logistics<\/title>\n<meta name=\"robots\" content=\"index, follow, max-snippet:-1, max-image-preview:large, max-video-preview:-1\" \/>\n<link rel=\"canonical\" href=\"https:\/\/cordis-logistics.pl\/en\/wspolpraca-z-hisense-gorenje\/\" \/>\n<meta property=\"og:locale\" content=\"en_GB\" \/>\n<meta property=\"og:type\" content=\"article\" \/>\n<meta property=\"og:title\" content=\"Wsp\u00f3\u0142praca z Hisense Gorenje - Cordis Logistics\" \/>\n<meta property=\"og:description\" content=\"Z dum\u0105 informujemy, \u017ce podpisali\u015bmy umow\u0119 o wsp\u00f3\u0142pracy z nowym klientem Hisense Gorenje, jednym z wiod\u0105cych producent\u00f3w elektroniki i sprz\u0119tu AGD na \u015bwiecie. Ta globalna marka \u0142\u0105czy w sobie europejsk\u0105 jako\u015b\u0107 i technologi\u0119, dzi\u0119ki wsp\u00f3\u0142pracy mi\u0119dzy chi\u0144skim Hisense i s\u0142owe\u0144skim Gorenje. Ze strony sp\u00f3\u0142ki umow\u0119 podpisa\u0142 Bart\u0142omiej Dobosz, Prokurent Cordis Logistics.\" \/>\n<meta property=\"og:url\" content=\"https:\/\/cordis-logistics.pl\/en\/wspolpraca-z-hisense-gorenje\/\" \/>\n<meta property=\"og:site_name\" content=\"Cordis Logistics\" \/>\n<meta property=\"article:published_time\" content=\"2023-05-09T04:40:37+00:00\" \/>\n<meta property=\"og:image\" content=\"https:\/\/cordis-logistics.pl\/wp-content\/uploads\/2023\/05\/Cordis-www-Hisense.png\" \/>\n\t<meta property=\"og:image:width\" content=\"1200\" \/>\n\t<meta property=\"og:image:height\" content=\"800\" \/>\n\t<meta property=\"og:image:type\" content=\"image\/png\" \/>\n<meta name=\"author\" content=\"cordisAdmin\" \/>\n<meta name=\"twitter:card\" content=\"summary_large_image\" \/>\n<meta name=\"twitter:label1\" content=\"Written by\" \/>\n\t<meta name=\"twitter:data1\" content=\"cordisAdmin\" \/>\n\t<meta name=\"twitter:label2\" content=\"Estimated reading time\" \/>\n\t<meta name=\"twitter:data2\" content=\"1 minute\" \/>\n<script type=\"application\/ld+json\" class=\"yoast-schema-graph\">{\"@context\":\"https:\/\/schema.org\",\"@graph\":[{\"@type\":\"WebPage\",\"@id\":\"https:\/\/cordis-logistics.pl\/wspolpraca-z-hisense-gorenje\/\",\"url\":\"https:\/\/cordis-logistics.pl\/wspolpraca-z-hisense-gorenje\/\",\"name\":\"Wsp\u00f3\u0142praca z Hisense Gorenje - Cordis Logistics\",\"isPartOf\":{\"@id\":\"https:\/\/cordis-logistics.pl\/#website\"},\"datePublished\":\"2023-05-09T04:40:37+00:00\",\"dateModified\":\"2023-05-09T04:40:37+00:00\",\"author\":{\"@id\":\"https:\/\/cordis-logistics.pl\/#\/schema\/person\/dfd429b93c6365f1880048f5c6b9c777\"},\"breadcrumb\":{\"@id\":\"https:\/\/cordis-logistics.pl\/wspolpraca-z-hisense-gorenje\/#breadcrumb\"},\"inLanguage\":\"en-GB\",\"potentialAction\":[{\"@type\":\"ReadAction\",\"target\":[\"https:\/\/cordis-logistics.pl\/wspolpraca-z-hisense-gorenje\/\"]}]},{\"@type\":\"BreadcrumbList\",\"@id\":\"https:\/\/cordis-logistics.pl\/wspolpraca-z-hisense-gorenje\/#breadcrumb\",\"itemListElement\":[{\"@type\":\"ListItem\",\"position\":1,\"name\":\"Home\",\"item\":\"https:\/\/cordis-logistics.pl\/\"},{\"@type\":\"ListItem\",\"position\":2,\"name\":\"Wsp\u00f3\u0142praca z Hisense Gorenje\"}]},{\"@type\":\"WebSite\",\"@id\":\"https:\/\/cordis-logistics.pl\/#website\",\"url\":\"https:\/\/cordis-logistics.pl\/\",\"name\":\"Cordis Logistics\",\"description\":\"Systemowe rozwi\u0105zania dla \u0142a\u0144cucha dostaw\",\"potentialAction\":[{\"@type\":\"SearchAction\",\"target\":{\"@type\":\"EntryPoint\",\"urlTemplate\":\"https:\/\/cordis-logistics.pl\/?s={search_term_string}\"},\"query-input\":\"required name=search_term_string\"}],\"inLanguage\":\"en-GB\"},{\"@type\":\"Person\",\"@id\":\"https:\/\/cordis-logistics.pl\/#\/schema\/person\/dfd429b93c6365f1880048f5c6b9c777\",\"name\":\"cordisAdmin\",\"url\":\"https:\/\/cordis-logistics.pl\/en\/author\/cordisadmin\/\"}]}<\/script>\n<!-- \/ Yoast SEO plugin. -->","yoast_head_json":{"title":"Wsp\u00f3\u0142praca z Hisense Gorenje - Cordis Logistics","robots":{"index":"index","follow":"follow","max-snippet":"max-snippet:-1","max-image-preview":"max-image-preview:large","max-video-preview":"max-video-preview:-1"},"canonical":"https:\/\/cordis-logistics.pl\/en\/wspolpraca-z-hisense-gorenje\/","og_locale":"en_GB","og_type":"article","og_title":"Wsp\u00f3\u0142praca z Hisense Gorenje - Cordis Logistics","og_description":"Z dum\u0105 informujemy, \u017ce podpisali\u015bmy umow\u0119 o wsp\u00f3\u0142pracy z nowym klientem Hisense Gorenje, jednym z wiod\u0105cych producent\u00f3w elektroniki i sprz\u0119tu AGD na \u015bwiecie. Ta globalna marka \u0142\u0105czy w sobie europejsk\u0105 jako\u015b\u0107 i technologi\u0119, dzi\u0119ki wsp\u00f3\u0142pracy mi\u0119dzy chi\u0144skim Hisense i s\u0142owe\u0144skim Gorenje. Ze strony sp\u00f3\u0142ki umow\u0119 podpisa\u0142 Bart\u0142omiej Dobosz, Prokurent Cordis Logistics.","og_url":"https:\/\/cordis-logistics.pl\/en\/wspolpraca-z-hisense-gorenje\/","og_site_name":"Cordis Logistics","article_published_time":"2023-05-09T04:40:37+00:00","og_image":[{"width":1200,"height":800,"url":"https:\/\/cordis-logistics.pl\/wp-content\/uploads\/2023\/05\/Cordis-www-Hisense.png","type":"image\/png"}],"author":"cordisAdmin","twitter_card":"summary_large_image","twitter_misc":{"Written by":"cordisAdmin","Estimated reading time":"1 minute"},"schema":{"@context":"https:\/\/schema.org","@graph":[{"@type":"WebPage","@id":"https:\/\/cordis-logistics.pl\/wspolpraca-z-hisense-gorenje\/","url":"https:\/\/cordis-logistics.pl\/wspolpraca-z-hisense-gorenje\/","name":"Wsp\u00f3\u0142praca z Hisense Gorenje - Cordis Logistics","isPartOf":{"@id":"https:\/\/cordis-logistics.pl\/#website"},"datePublished":"2023-05-09T04:40:37+00:00","dateModified":"2023-05-09T04:40:37+00:00","author":{"@id":"https:\/\/cordis-logistics.pl\/#\/schema\/person\/dfd429b93c6365f1880048f5c6b9c777"},"breadcrumb":{"@id":"https:\/\/cordis-logistics.pl\/wspolpraca-z-hisense-gorenje\/#breadcrumb"},"inLanguage":"en-GB","potentialAction":[{"@type":"ReadAction","target":["https:\/\/cordis-logistics.pl\/wspolpraca-z-hisense-gorenje\/"]}]},{"@type":"BreadcrumbList","@id":"https:\/\/cordis-logistics.pl\/wspolpraca-z-hisense-gorenje\/#breadcrumb","itemListElement":[{"@type":"ListItem","position":1,"name":"Home","item":"https:\/\/cordis-logistics.pl\/"},{"@type":"ListItem","position":2,"name":"Wsp\u00f3\u0142praca z Hisense Gorenje"}]},{"@type":"WebSite","@id":"https:\/\/cordis-logistics.pl\/#website","url":"https:\/\/cordis-logistics.pl\/","name":"Cordis Logistics","description":"Systemowe rozwi\u0105zania dla \u0142a\u0144cucha dostaw","potentialAction":[{"@type":"SearchAction","target":{"@type":"EntryPoint","urlTemplate":"https:\/\/cordis-logistics.pl\/?s={search_term_string}"},"query-input":"required name=search_term_string"}],"inLanguage":"en-GB"},{"@type":"Person","@id":"https:\/\/cordis-logistics.pl\/#\/schema\/person\/dfd429b93c6365f1880048f5c6b9c777","name":"cordisAdmin","url":"https:\/\/cordis-logistics.pl\/en\/author\/cordisadmin\/"}]}},"_links":{"self":[{"href":"https:\/\/cordis-logistics.pl\/en\/wp-json\/wp\/v2\/posts\/1753"}],"collection":[{"href":"https:\/\/cordis-logistics.pl\/en\/wp-json\/wp\/v2\/posts"}],"about":[{"href":"https:\/\/cordis-logistics.pl\/en\/wp-json\/wp\/v2\/types\/post"}],"author":[{"embeddable":true,"href":"https:\/\/cordis-logistics.pl\/en\/wp-json\/wp\/v2\/users\/1"}],"replies":[{"embeddable":true,"href":"https:\/\/cordis-logistics.pl\/en\/wp-json\/wp\/v2\/comments?post=1753"}],"version-history":[{"count":1,"href":"https:\/\/cordis-logistics.pl\/en\/wp-json\/wp\/v2\/posts\/1753\/revisions"}],"predecessor-version":[{"id":1755,"href":"https:\/\/cordis-logistics.pl\/en\/wp-json\/wp\/v2\/posts\/1753\/revisions\/1755"}],"wp:featuredmedia":[{"embeddable":true,"href":"https:\/\/cordis-logistics.pl\/en\/wp-json\/wp\/v2\/media\/1754"}],"wp:attachment":[{"href":"https:\/\/cordis-logistics.pl\/en\/wp-json\/wp\/v2\/media?parent=1753"}],"wp:term":[{"taxonomy":"category","embeddable":true,"href":"https:\/\/cordis-logistics.pl\/en\/wp-json\/wp\/v2\/categories?post=1753"},{"taxonomy":"post_tag","embeddable":true,"href":"https:\/\/cordis-logistics.pl\/en\/wp-json\/wp\/v2\/tags?post=1753"}],"curies":[{"name":"wp","href":"https:\/\/api.w.org\/{rel}","templated":true}]}}